{"id":95941,"date":"2025-02-27T13:46:00","date_gmt":"2025-02-27T12:46:00","guid":{"rendered":"https:\/\/metacomp.wpenginepowered.com\/info-hub\/nicht-kategorisiert\/metacompliance-at-incyber-forum-europe-lille-2025\/"},"modified":"2025-09-22T02:10:18","modified_gmt":"2025-09-22T01:10:18","slug":"metacompliance-auf-dem-incyber-forum-lille-2025-starkung-der-cyber-resilienz","status":"publish","type":"post","link":"https:\/\/www.metacompliance.com\/de\/nachrichten\/metacompliance-auf-dem-incyber-forum-lille-2025-starkung-der-cyber-resilienz","title":{"rendered":"MetaCompliance auf dem InCyber Forum Lille 2025: St\u00e4rkung der Cyber-Resilienz"},"content":{"rendered":"&#13;\n<p>Wir freuen uns, ank\u00fcndigen zu k\u00f6nnen, dass MetaCompliance zum ersten Mal am <a href=\"https:\/\/europe.forum-incyber.com\/en\/home-en\/\" target=\"_blank\" rel=\"noreferrer noopener\">InCyber Forum<\/a> in Lille teilnehmen wird! Als eine der gr\u00f6\u00dften Veranstaltungen f\u00fcr Cybersicherheit in Europa ist dies der perfekte Ort, um mit Branchenf\u00fchrern in Kontakt zu treten, Erkenntnisse auszutauschen und zu zeigen, wie wir Unternehmen dabei helfen, menschliche Risiken zu bek\u00e4mpfen. <\/p>&#13;\n&#13;\n<h2 class=\"wp-block-heading\">Warum InCyber Forum Europe?<\/h2>&#13;\n&#13;\n<p>Cyber-Bedrohungen schreiten schnell voran! Wer vorne bleiben will, muss von den Besten lernen. Das InCyber Forum bringt Branchenexperten, Sicherheitsexperten und Unternehmen zusammen, die ihre Abwehrkr\u00e4fte st\u00e4rken wollen. Mit dem Schwerpunkt auf Innovation, Zusammenarbeit und Widerstandsf\u00e4higkeit ist es eine ideale Plattform f\u00fcr MetaCompliance, um zu zeigen, wie wir das Bewusstsein f\u00fcr Cybersicherheit praktisch, ansprechend und effektiv gestalten.   <\/p>&#13;\n&#13;\n<h2 class=\"wp-block-heading\">Ein wichtiger Meilenstein: Unterst\u00fctzt von Keensight Capital<\/h2>&#13;\n&#13;\n<p>Dies kommt zu einem aufregenden Zeitpunkt f\u00fcr MetaCompliance. Wir haben uns vor kurzem eine Investition von <a href=\"https:\/\/keensight.com\/\">Keensight Capital<\/a> gesichert, einem f\u00fchrenden Private-Equity-Manager, der sich auf europaweite Growth-Buyout-Investitionen spezialisiert hat. Keensight ist eine der f\u00fchrenden franz\u00f6sischen Private-Equity-Firmen, die sich auf wachstumsstarke Technologieunternehmen spezialisiert hat. Diese Partnerschaft unterst\u00fctzt unsere Expansion in ganz Europa und st\u00e4rkt unser Engagement, Unternehmen beim Aufbau einer st\u00e4rkeren Sicherheitskultur zu helfen. Das InCyber Forum ist die perfekte Gelegenheit, um mitzuteilen, was f\u00fcr MetaCompliance als n\u00e4chstes ansteht.   <\/p>&#13;\n&#13;\n<h2 class=\"wp-block-heading\">Was Sie von MetaCompliance auf dem InCyber Forum erwarten k\u00f6nnen<\/h2>&#13;\n&#13;\n<p>Wir werden Ihnen zeigen, wie wir Unternehmen dabei helfen, Risiken zu reduzieren und das Sicherheitsbewusstsein zu verbessern:<\/p>&#13;\n&#13;\n<p>\u2714 Expertenwissen zum Umgang mit <a href=\"https:\/\/www.metacompliance.com\/blog\/cyber-security-awareness\/human-risk-in-your-organisation\">menschlichen Risiken<\/a> und zur St\u00e4rkung der Cyber-Resilienz.<\/p>&#13;\n&#13;\n<p>\u2714 Live-Demos unserer neuesten Awareness- und Compliance-L\u00f6sungen.<\/p>&#13;\n&#13;\n<p>\u2714 Spannende Diskussionen dar\u00fcber, wie Unternehmen den sich entwickelnden Cyber-Bedrohungen einen Schritt voraus sein k\u00f6nnen.<\/p>&#13;\n&#13;\n<h2 class=\"wp-block-heading\">Besuchen Sie uns am Stand E21 in Lille!<\/h2>&#13;\n&#13;\n<p>Wir freuen uns darauf, Cybersicherheitsexperten, Partner und Unternehmen zu treffen, die das Sicherheitsbewusstsein effektiver gestalten wollen. Ob Sie bereits mit uns zusammenarbeiten oder einfach nur neugierig sind, wie MetaCompliance Ihnen helfen kann - lassen Sie uns in Kontakt treten! Besuchen Sie uns an Stand E21 auf dem InCyber Forum!  <\/p>&#13;\n&#13;\n<p>Bleiben Sie dran f\u00fcr weitere Updates - wir sehen uns in Lille! Registrieren Sie sich <a href=\"https:\/\/europe.forum-incyber.com\/en\/registrations\/\" target=\"_blank\" rel=\"noreferrer noopener\">hier<\/a>! Um eine Demo vorzubestellen oder ein Treffen mit einem unserer Berater zu vereinbaren, <a href=\"https:\/\/www.metacompliance.com\/company\/contact-metacompliance\">kontaktieren Sie uns<\/a>. Bleiben Sie auf dem Laufenden \u00fcber unsere Pl\u00e4ne und Updates f\u00fcr die Veranstaltung, indem Sie uns auf <a href=\"https:\/\/www.linkedin.com\/company\/metacompliance\/\">LinkedIn<\/a> und <a href=\"https:\/\/www.instagram.com\/metacomplianceltd\/\">Instagram<\/a> folgen.<\/p>&#13;\n<div class=\"wp-block-image\">&#13;\n<figure class=\"aligncenter size-large is-resized\"><a href=\"https:\/\/europe.forum-incyber.com\/inscriptions\/\"><img decoding=\"async\" class=\"wp-image-22440\" style=\"width: 840px; height: auto;\" src=\"https:\/\/www.metacompliance.com\/wp-content\/uploads\/2025\/06\/MC_email_exclaimer_signature_600x150px-1-4.png\" alt=\"MC E-Mail Ausschlussklausel Unterschrift 600x150px 1\"\/><\/a><\/figure>&#13;\n<\/div>&#13;\n<p>\u00a0<\/p>&#13;\n","protected":false},"excerpt":{"rendered":"<p>&#13; Wir freuen uns, ank\u00fcndigen zu k\u00f6nnen, dass MetaCompliance zum ersten Mal am InCyber Forum in Lille teilnehmen wird! Als eine der gr\u00f6\u00dften Veranstaltungen f\u00fcr Cybersicherheit in Europa ist dies &hellip; <a href=\"https:\/\/www.metacompliance.com\/de\/nachrichten\/metacompliance-auf-dem-incyber-forum-lille-2025-starkung-der-cyber-resilienz\">Fortsetzung<\/a><\/p>\n","protected":false},"author":1,"featured_media":85702,"comment_status":"closed","ping_status":"closed","sticky":false,"template":"","format":"standard","meta":{"_acf_changed":false,"content-type":"","_relevanssi_hide_post":"","_relevanssi_hide_content":"","_relevanssi_pin_for_all":"","_relevanssi_pin_keywords":"","_relevanssi_unpin_keywords":"","_relevanssi_related_keywords":"","_relevanssi_related_include_ids":"","_relevanssi_related_exclude_ids":"","_relevanssi_related_no_append":"","_relevanssi_related_not_related":"","_relevanssi_related_posts":"","_relevanssi_noindex_reason":"","inline_featured_image":false,"footnotes":""},"categories":[176],"class_list":["post-95941","post","type-post","status-publish","format-standard","has-post-thumbnail","hentry","category-nachrichten"],"acf":[],"yoast_head":"<!-- This site is optimized with the Yoast SEO plugin v27.4 - https:\/\/yoast.com\/product\/yoast-seo-wordpress\/ -->\n<title>MetaCompliance auf dem InCyber Forum Lille 2025: St\u00e4rkung der Cyber-Resilienz - MetaCompliance<\/title>\n<meta name=\"robots\" content=\"index, follow, max-snippet:-1, max-image-preview:large, max-video-preview:-1\" \/>\n<link rel=\"canonical\" href=\"https:\/\/www.metacompliance.com\/de\/nachrichten\/metacompliance-auf-dem-incyber-forum-lille-2025-starkung-der-cyber-resilienz\" \/>\n<meta property=\"og:locale\" content=\"de_DE\" \/>\n<meta property=\"og:type\" content=\"article\" \/>\n<meta property=\"og:title\" content=\"MetaCompliance auf dem InCyber Forum Lille 2025: St\u00e4rkung der Cyber-Resilienz - MetaCompliance\" \/>\n<meta property=\"og:description\" content=\"&#013; Wir freuen uns, ank\u00fcndigen zu k\u00f6nnen, dass MetaCompliance zum ersten Mal am InCyber Forum in Lille teilnehmen wird! Als eine der gr\u00f6\u00dften Veranstaltungen f\u00fcr Cybersicherheit in Europa ist dies &hellip; Fortsetzung\" \/>\n<meta property=\"og:url\" content=\"https:\/\/www.metacompliance.com\/de\/nachrichten\/metacompliance-auf-dem-incyber-forum-lille-2025-starkung-der-cyber-resilienz\" \/>\n<meta property=\"og:site_name\" content=\"MetaCompliance\" \/>\n<meta property=\"article:published_time\" content=\"2025-02-27T12:46:00+00:00\" \/>\n<meta property=\"article:modified_time\" content=\"2025-09-22T01:10:18+00:00\" \/>\n<meta property=\"og:image\" content=\"https:\/\/www.metacompliance.com\/wp-content\/uploads\/2025\/06\/MC_social_1080x1080px-1.png\" \/>\n\t<meta property=\"og:image:width\" content=\"1130\" \/>\n\t<meta property=\"og:image:height\" content=\"1081\" \/>\n\t<meta property=\"og:image:type\" content=\"image\/png\" \/>\n<meta name=\"author\" content=\"Rouge\" \/>\n<meta name=\"twitter:card\" content=\"summary_large_image\" \/>\n<meta name=\"twitter:label1\" content=\"Written by\" \/>\n\t<meta name=\"twitter:data1\" content=\"Rouge\" \/>\n\t<meta name=\"twitter:label2\" content=\"Est. reading time\" \/>\n\t<meta name=\"twitter:data2\" content=\"2\u00a0Minute\" \/>\n<script type=\"application\/ld+json\" class=\"yoast-schema-graph\">{\"@context\":\"https:\\\/\\\/schema.org\",\"@graph\":[{\"@type\":\"Article\",\"@id\":\"https:\\\/\\\/www.metacompliance.com\\\/de\\\/nachrichten\\\/metacompliance-auf-dem-incyber-forum-lille-2025-starkung-der-cyber-resilienz#article\",\"isPartOf\":{\"@id\":\"https:\\\/\\\/www.metacompliance.com\\\/de\\\/nachrichten\\\/metacompliance-auf-dem-incyber-forum-lille-2025-starkung-der-cyber-resilienz\"},\"author\":{\"name\":\"Rouge\",\"@id\":\"https:\\\/\\\/www.metacompliance.com\\\/de#\\\/schema\\\/person\\\/fe1b1dd873af281510fb0ad5f3fb5b38\"},\"headline\":\"MetaCompliance auf dem InCyber Forum Lille 2025: St\u00e4rkung der Cyber-Resilienz\",\"datePublished\":\"2025-02-27T12:46:00+00:00\",\"dateModified\":\"2025-09-22T01:10:18+00:00\",\"mainEntityOfPage\":{\"@id\":\"https:\\\/\\\/www.metacompliance.com\\\/de\\\/nachrichten\\\/metacompliance-auf-dem-incyber-forum-lille-2025-starkung-der-cyber-resilienz\"},\"wordCount\":405,\"image\":{\"@id\":\"https:\\\/\\\/www.metacompliance.com\\\/de\\\/nachrichten\\\/metacompliance-auf-dem-incyber-forum-lille-2025-starkung-der-cyber-resilienz#primaryimage\"},\"thumbnailUrl\":\"https:\\\/\\\/www.metacompliance.com\\\/wp-content\\\/uploads\\\/2025\\\/06\\\/MC_social_1080x1080px-1.png\",\"articleSection\":[\"Unternehmensnachrichten\"],\"inLanguage\":\"de\"},{\"@type\":\"WebPage\",\"@id\":\"https:\\\/\\\/www.metacompliance.com\\\/de\\\/nachrichten\\\/metacompliance-auf-dem-incyber-forum-lille-2025-starkung-der-cyber-resilienz\",\"url\":\"https:\\\/\\\/www.metacompliance.com\\\/de\\\/nachrichten\\\/metacompliance-auf-dem-incyber-forum-lille-2025-starkung-der-cyber-resilienz\",\"name\":\"MetaCompliance auf dem InCyber Forum Lille 2025: St\u00e4rkung der Cyber-Resilienz - MetaCompliance\",\"isPartOf\":{\"@id\":\"https:\\\/\\\/www.metacompliance.com\\\/de#website\"},\"primaryImageOfPage\":{\"@id\":\"https:\\\/\\\/www.metacompliance.com\\\/de\\\/nachrichten\\\/metacompliance-auf-dem-incyber-forum-lille-2025-starkung-der-cyber-resilienz#primaryimage\"},\"image\":{\"@id\":\"https:\\\/\\\/www.metacompliance.com\\\/de\\\/nachrichten\\\/metacompliance-auf-dem-incyber-forum-lille-2025-starkung-der-cyber-resilienz#primaryimage\"},\"thumbnailUrl\":\"https:\\\/\\\/www.metacompliance.com\\\/wp-content\\\/uploads\\\/2025\\\/06\\\/MC_social_1080x1080px-1.png\",\"datePublished\":\"2025-02-27T12:46:00+00:00\",\"dateModified\":\"2025-09-22T01:10:18+00:00\",\"author\":{\"@id\":\"https:\\\/\\\/www.metacompliance.com\\\/de#\\\/schema\\\/person\\\/fe1b1dd873af281510fb0ad5f3fb5b38\"},\"breadcrumb\":{\"@id\":\"https:\\\/\\\/www.metacompliance.com\\\/de\\\/nachrichten\\\/metacompliance-auf-dem-incyber-forum-lille-2025-starkung-der-cyber-resilienz#breadcrumb\"},\"inLanguage\":\"de\",\"potentialAction\":[{\"@type\":\"ReadAction\",\"target\":[\"https:\\\/\\\/www.metacompliance.com\\\/de\\\/nachrichten\\\/metacompliance-auf-dem-incyber-forum-lille-2025-starkung-der-cyber-resilienz\"]}]},{\"@type\":\"ImageObject\",\"inLanguage\":\"de\",\"@id\":\"https:\\\/\\\/www.metacompliance.com\\\/de\\\/nachrichten\\\/metacompliance-auf-dem-incyber-forum-lille-2025-starkung-der-cyber-resilienz#primaryimage\",\"url\":\"https:\\\/\\\/www.metacompliance.com\\\/wp-content\\\/uploads\\\/2025\\\/06\\\/MC_social_1080x1080px-1.png\",\"contentUrl\":\"https:\\\/\\\/www.metacompliance.com\\\/wp-content\\\/uploads\\\/2025\\\/06\\\/MC_social_1080x1080px-1.png\",\"width\":1130,\"height\":1081,\"caption\":\"MetaCompliance auf dem InCyber Forum Lille 2025: St\u00e4rkung der Cyber-Resilienz\"},{\"@type\":\"BreadcrumbList\",\"@id\":\"https:\\\/\\\/www.metacompliance.com\\\/de\\\/nachrichten\\\/metacompliance-auf-dem-incyber-forum-lille-2025-starkung-der-cyber-resilienz#breadcrumb\",\"itemListElement\":[{\"@type\":\"ListItem\",\"position\":1,\"name\":\"Startseite\",\"item\":\"https:\\\/\\\/www.metacompliance.com\\\/de\"},{\"@type\":\"ListItem\",\"position\":2,\"name\":\"MetaCompliance auf dem InCyber Forum Lille 2025: St\u00e4rkung der Cyber-Resilienz\"}]},{\"@type\":\"WebSite\",\"@id\":\"https:\\\/\\\/www.metacompliance.com\\\/de#website\",\"url\":\"https:\\\/\\\/www.metacompliance.com\\\/de\",\"name\":\"MetaCompliance\",\"description\":\"\",\"potentialAction\":[{\"@type\":\"SearchAction\",\"target\":{\"@type\":\"EntryPoint\",\"urlTemplate\":\"https:\\\/\\\/www.metacompliance.com\\\/de?s={search_term_string}\"},\"query-input\":{\"@type\":\"PropertyValueSpecification\",\"valueRequired\":true,\"valueName\":\"search_term_string\"}}],\"inLanguage\":\"de\"},{\"@type\":\"Person\",\"@id\":\"https:\\\/\\\/www.metacompliance.com\\\/de#\\\/schema\\\/person\\\/fe1b1dd873af281510fb0ad5f3fb5b38\",\"name\":\"Rouge\",\"image\":{\"@type\":\"ImageObject\",\"inLanguage\":\"de\",\"@id\":\"https:\\\/\\\/secure.gravatar.com\\\/avatar\\\/979d60cad2f4c478c3d73fbd41f1d4f30ab6a193ea6f9e91917d90c552707d6a?s=96&d=mm&r=g\",\"url\":\"https:\\\/\\\/secure.gravatar.com\\\/avatar\\\/979d60cad2f4c478c3d73fbd41f1d4f30ab6a193ea6f9e91917d90c552707d6a?s=96&d=mm&r=g\",\"contentUrl\":\"https:\\\/\\\/secure.gravatar.com\\\/avatar\\\/979d60cad2f4c478c3d73fbd41f1d4f30ab6a193ea6f9e91917d90c552707d6a?s=96&d=mm&r=g\",\"caption\":\"Rouge\"},\"sameAs\":[\"https:\\\/\\\/www.metacompliance.com\"]}]}<\/script>\n<!-- \/ Yoast SEO plugin. -->","yoast_head_json":{"title":"MetaCompliance auf dem InCyber Forum Lille 2025: St\u00e4rkung der Cyber-Resilienz - MetaCompliance","robots":{"index":"index","follow":"follow","max-snippet":"max-snippet:-1","max-image-preview":"max-image-preview:large","max-video-preview":"max-video-preview:-1"},"canonical":"https:\/\/www.metacompliance.com\/de\/nachrichten\/metacompliance-auf-dem-incyber-forum-lille-2025-starkung-der-cyber-resilienz","og_locale":"de_DE","og_type":"article","og_title":"MetaCompliance auf dem InCyber Forum Lille 2025: St\u00e4rkung der Cyber-Resilienz - MetaCompliance","og_description":"&#13; Wir freuen uns, ank\u00fcndigen zu k\u00f6nnen, dass MetaCompliance zum ersten Mal am InCyber Forum in Lille teilnehmen wird! Als eine der gr\u00f6\u00dften Veranstaltungen f\u00fcr Cybersicherheit in Europa ist dies &hellip; Fortsetzung","og_url":"https:\/\/www.metacompliance.com\/de\/nachrichten\/metacompliance-auf-dem-incyber-forum-lille-2025-starkung-der-cyber-resilienz","og_site_name":"MetaCompliance","article_published_time":"2025-02-27T12:46:00+00:00","article_modified_time":"2025-09-22T01:10:18+00:00","og_image":[{"width":1130,"height":1081,"url":"https:\/\/www.metacompliance.com\/wp-content\/uploads\/2025\/06\/MC_social_1080x1080px-1.png","type":"image\/png"}],"author":"Rouge","twitter_card":"summary_large_image","twitter_misc":{"Written by":"Rouge","Est. reading time":"2\u00a0Minute"},"schema":{"@context":"https:\/\/schema.org","@graph":[{"@type":"Article","@id":"https:\/\/www.metacompliance.com\/de\/nachrichten\/metacompliance-auf-dem-incyber-forum-lille-2025-starkung-der-cyber-resilienz#article","isPartOf":{"@id":"https:\/\/www.metacompliance.com\/de\/nachrichten\/metacompliance-auf-dem-incyber-forum-lille-2025-starkung-der-cyber-resilienz"},"author":{"name":"Rouge","@id":"https:\/\/www.metacompliance.com\/de#\/schema\/person\/fe1b1dd873af281510fb0ad5f3fb5b38"},"headline":"MetaCompliance auf dem InCyber Forum Lille 2025: St\u00e4rkung der Cyber-Resilienz","datePublished":"2025-02-27T12:46:00+00:00","dateModified":"2025-09-22T01:10:18+00:00","mainEntityOfPage":{"@id":"https:\/\/www.metacompliance.com\/de\/nachrichten\/metacompliance-auf-dem-incyber-forum-lille-2025-starkung-der-cyber-resilienz"},"wordCount":405,"image":{"@id":"https:\/\/www.metacompliance.com\/de\/nachrichten\/metacompliance-auf-dem-incyber-forum-lille-2025-starkung-der-cyber-resilienz#primaryimage"},"thumbnailUrl":"https:\/\/www.metacompliance.com\/wp-content\/uploads\/2025\/06\/MC_social_1080x1080px-1.png","articleSection":["Unternehmensnachrichten"],"inLanguage":"de"},{"@type":"WebPage","@id":"https:\/\/www.metacompliance.com\/de\/nachrichten\/metacompliance-auf-dem-incyber-forum-lille-2025-starkung-der-cyber-resilienz","url":"https:\/\/www.metacompliance.com\/de\/nachrichten\/metacompliance-auf-dem-incyber-forum-lille-2025-starkung-der-cyber-resilienz","name":"MetaCompliance auf dem InCyber Forum Lille 2025: St\u00e4rkung der Cyber-Resilienz - MetaCompliance","isPartOf":{"@id":"https:\/\/www.metacompliance.com\/de#website"},"primaryImageOfPage":{"@id":"https:\/\/www.metacompliance.com\/de\/nachrichten\/metacompliance-auf-dem-incyber-forum-lille-2025-starkung-der-cyber-resilienz#primaryimage"},"image":{"@id":"https:\/\/www.metacompliance.com\/de\/nachrichten\/metacompliance-auf-dem-incyber-forum-lille-2025-starkung-der-cyber-resilienz#primaryimage"},"thumbnailUrl":"https:\/\/www.metacompliance.com\/wp-content\/uploads\/2025\/06\/MC_social_1080x1080px-1.png","datePublished":"2025-02-27T12:46:00+00:00","dateModified":"2025-09-22T01:10:18+00:00","author":{"@id":"https:\/\/www.metacompliance.com\/de#\/schema\/person\/fe1b1dd873af281510fb0ad5f3fb5b38"},"breadcrumb":{"@id":"https:\/\/www.metacompliance.com\/de\/nachrichten\/metacompliance-auf-dem-incyber-forum-lille-2025-starkung-der-cyber-resilienz#breadcrumb"},"inLanguage":"de","potentialAction":[{"@type":"ReadAction","target":["https:\/\/www.metacompliance.com\/de\/nachrichten\/metacompliance-auf-dem-incyber-forum-lille-2025-starkung-der-cyber-resilienz"]}]},{"@type":"ImageObject","inLanguage":"de","@id":"https:\/\/www.metacompliance.com\/de\/nachrichten\/metacompliance-auf-dem-incyber-forum-lille-2025-starkung-der-cyber-resilienz#primaryimage","url":"https:\/\/www.metacompliance.com\/wp-content\/uploads\/2025\/06\/MC_social_1080x1080px-1.png","contentUrl":"https:\/\/www.metacompliance.com\/wp-content\/uploads\/2025\/06\/MC_social_1080x1080px-1.png","width":1130,"height":1081,"caption":"MetaCompliance auf dem InCyber Forum Lille 2025: St\u00e4rkung der Cyber-Resilienz"},{"@type":"BreadcrumbList","@id":"https:\/\/www.metacompliance.com\/de\/nachrichten\/metacompliance-auf-dem-incyber-forum-lille-2025-starkung-der-cyber-resilienz#breadcrumb","itemListElement":[{"@type":"ListItem","position":1,"name":"Startseite","item":"https:\/\/www.metacompliance.com\/de"},{"@type":"ListItem","position":2,"name":"MetaCompliance auf dem InCyber Forum Lille 2025: St\u00e4rkung der Cyber-Resilienz"}]},{"@type":"WebSite","@id":"https:\/\/www.metacompliance.com\/de#website","url":"https:\/\/www.metacompliance.com\/de","name":"MetaCompliance","description":"","potentialAction":[{"@type":"SearchAction","target":{"@type":"EntryPoint","urlTemplate":"https:\/\/www.metacompliance.com\/de?s={search_term_string}"},"query-input":{"@type":"PropertyValueSpecification","valueRequired":true,"valueName":"search_term_string"}}],"inLanguage":"de"},{"@type":"Person","@id":"https:\/\/www.metacompliance.com\/de#\/schema\/person\/fe1b1dd873af281510fb0ad5f3fb5b38","name":"Rouge","image":{"@type":"ImageObject","inLanguage":"de","@id":"https:\/\/secure.gravatar.com\/avatar\/979d60cad2f4c478c3d73fbd41f1d4f30ab6a193ea6f9e91917d90c552707d6a?s=96&d=mm&r=g","url":"https:\/\/secure.gravatar.com\/avatar\/979d60cad2f4c478c3d73fbd41f1d4f30ab6a193ea6f9e91917d90c552707d6a?s=96&d=mm&r=g","contentUrl":"https:\/\/secure.gravatar.com\/avatar\/979d60cad2f4c478c3d73fbd41f1d4f30ab6a193ea6f9e91917d90c552707d6a?s=96&d=mm&r=g","caption":"Rouge"},"sameAs":["https:\/\/www.metacompliance.com"]}]}},"_links":{"self":[{"href":"https:\/\/www.metacompliance.com\/de\/wp-json\/wp\/v2\/posts\/95941","targetHints":{"allow":["GET"]}}],"collection":[{"href":"https:\/\/www.metacompliance.com\/de\/wp-json\/wp\/v2\/posts"}],"about":[{"href":"https:\/\/www.metacompliance.com\/de\/wp-json\/wp\/v2\/types\/post"}],"author":[{"embeddable":true,"href":"https:\/\/www.metacompliance.com\/de\/wp-json\/wp\/v2\/users\/1"}],"replies":[{"embeddable":true,"href":"https:\/\/www.metacompliance.com\/de\/wp-json\/wp\/v2\/comments?post=95941"}],"version-history":[{"count":0,"href":"https:\/\/www.metacompliance.com\/de\/wp-json\/wp\/v2\/posts\/95941\/revisions"}],"wp:featuredmedia":[{"embeddable":true,"href":"https:\/\/www.metacompliance.com\/de\/wp-json\/wp\/v2\/media\/85702"}],"wp:attachment":[{"href":"https:\/\/www.metacompliance.com\/de\/wp-json\/wp\/v2\/media?parent=95941"}],"wp:term":[{"taxonomy":"category","embeddable":true,"href":"https:\/\/www.metacompliance.com\/de\/wp-json\/wp\/v2\/categories?post=95941"}],"curies":[{"name":"wp","href":"https:\/\/api.w.org\/{rel}","templated":true}]}}