{"id":99751,"date":"2019-05-21T10:23:00","date_gmt":"2019-05-21T09:23:00","guid":{"rendered":"https:\/\/metacomp.wpenginepowered.com\/info-hub\/nicht-kategorisiert\/metacompliance-to-exhibit-at-infosecurity-europe-2019\/"},"modified":"2025-07-24T08:31:21","modified_gmt":"2025-07-24T07:31:21","slug":"metacompliance-stellt-auf-der-infosecurity-europe-2019-aus","status":"publish","type":"post","link":"https:\/\/www.metacompliance.com\/de\/nachrichten\/metacompliance-stellt-auf-der-infosecurity-europe-2019-aus","title":{"rendered":"MetaCompliance stellt auf der Infosecurity Europe 2019 aus"},"content":{"rendered":"\n<p>MetaCompliance freut sich, auf der diesj\u00e4hrigen Infosecurity 2019, Europas gr\u00f6\u00dfter und umfassendster Konferenz f\u00fcr Informationssicherheit, als Aussteller vertreten zu sein.<\/p>\n\n<p>Die Veranstaltung bringt \u00fcber 400 Aussteller zusammen, die den \u00fcber 19.500 Sicherheitsexperten und Besuchern die wichtigsten L\u00f6sungen und Produkte f\u00fcr die Informationssicherheit vorstellen.<\/p>\n\n<p>Die 3-t\u00e4gige Veranstaltung findet vom 4. bis 6. Juni im Olympia London statt, und wir w\u00fcrden uns freuen, wenn Sie vorbeikommen und unser Team am Stand J100 begr\u00fc\u00dfen w\u00fcrden.<\/p>\n\n<p>Dies ist unser 12. Jahr als Aussteller auf der Konferenz und sie bietet uns immer eine gro\u00dfartige Plattform, um unsere ansprechende und benutzerfreundliche Produktpalette zu pr\u00e4sentieren, die eLearning, simuliertes Phishing, Policy Management, Incident Management und GDPR kombiniert, um Compliance und Sicherheitsbewusstsein in Organisationen auf der ganzen Welt zu schaffen.<\/p>\n\n<p>Setzen Sie sich mit uns in Verbindung, um Ihre Demo vorzubestellen oder ein Treffen mit einem unserer Berater zu vereinbaren, um zu besprechen, wie Sie das Bewusstsein f\u00fcr Cybersicherheit in Ihrem Unternehmen verbessern k\u00f6nnen. Kontaktieren Sie uns unter info@metacompliance.com <\/p>\n\n<p>F\u00fcr weitere Informationen und Updates \u00fcber unsere Teilnahme an der Veranstaltung k\u00f6nnen Sie uns auf Twitter, LinkedIn, Facebook und Instagram folgen.<\/p>\n\n<p>Wir freuen uns darauf, Sie dort zu sehen!<\/p>\n\n<p><strong>\u00dcber Metacompliance<\/strong><\/p>\n\n<p>Metacompliance wurde 2005 gegr\u00fcndet und ist ein weltweit f\u00fchrendes Unternehmen f\u00fcr den menschlichen Aspekt der Einhaltung von Cybersicherheit und Datenschutz. Seine innovative Cloud-Plattform bietet eine One-Stop-Shop-Managementl\u00f6sung f\u00fcr die Sensibilisierung der Mitarbeiter und die Einhaltung von Vorschriften. <\/p>\n\n<p>Die hochmoderne Plattform bietet Kunden eine vollst\u00e4ndig integrierte und mehrsprachige Suite von Compliance-Funktionen, die Richtlinienmanagement, E-Learning, simuliertes Phishing, Vorfallmanagement und Datenschutzmanagement umfasst. Diese Funktionen k\u00f6nnen modular oder als Komplettsystem erworben werden.<\/p>\n\n<p>Die Plattform bietet die hochwertigsten E-Learning-Inhalte f\u00fcr Cybersicherheit und Compliance, die auf dem Markt erh\u00e4ltlich sind. Die Benutzerfreundlichkeit, das ansprechende Benutzererlebnis und die regelm\u00e4\u00dfig aktualisierten Inhalte sorgen f\u00fcr die Zufriedenheit der Mitarbeiter und erm\u00f6glichen es Cyber- und Compliance-Experten, die Fortschritte bei der Umsetzung leicht zu verfolgen und eine kontinuierliche Rechenschaftspflicht nachzuweisen. <\/p>\n","protected":false},"excerpt":{"rendered":"<p>MetaCompliance freut sich, auf der diesj\u00e4hrigen Infosecurity 2019, Europas gr\u00f6\u00dfter und umfassendster Konferenz f\u00fcr Informationssicherheit, als Aussteller vertreten zu sein. Die Veranstaltung bringt \u00fcber 400 Aussteller zusammen, die den \u00fcber &hellip; <a href=\"https:\/\/www.metacompliance.com\/de\/nachrichten\/metacompliance-stellt-auf-der-infosecurity-europe-2019-aus\">Fortsetzung<\/a><\/p>\n","protected":false},"author":1,"featured_media":82943,"comment_status":"closed","ping_status":"closed","sticky":false,"template":"","format":"standard","meta":{"_acf_changed":false,"content-type":"","_relevanssi_hide_post":"","_relevanssi_hide_content":"","_relevanssi_pin_for_all":"","_relevanssi_pin_keywords":"","_relevanssi_unpin_keywords":"","_relevanssi_related_keywords":"","_relevanssi_related_include_ids":"","_relevanssi_related_exclude_ids":"","_relevanssi_related_no_append":"","_relevanssi_related_not_related":"","_relevanssi_related_posts":"","_relevanssi_noindex_reason":"","inline_featured_image":false,"footnotes":""},"categories":[26],"class_list":["post-99751","post","type-post","status-publish","format-standard","has-post-thumbnail","hentry","category-company-news"],"acf":[],"yoast_head":"<!-- This site is optimized with the Yoast SEO plugin v27.4 - https:\/\/yoast.com\/product\/yoast-seo-wordpress\/ -->\n<title>MetaCompliance stellt auf der Infosecurity Europe 2019 aus - MetaCompliance<\/title>\n<meta name=\"robots\" content=\"index, follow, max-snippet:-1, max-image-preview:large, max-video-preview:-1\" \/>\n<link rel=\"canonical\" href=\"https:\/\/www.metacompliance.com\/de\/nachrichten\/metacompliance-stellt-auf-der-infosecurity-europe-2019-aus\" \/>\n<meta property=\"og:locale\" content=\"de_DE\" \/>\n<meta property=\"og:type\" content=\"article\" \/>\n<meta property=\"og:title\" content=\"MetaCompliance stellt auf der Infosecurity Europe 2019 aus - MetaCompliance\" \/>\n<meta property=\"og:description\" content=\"MetaCompliance freut sich, auf der diesj\u00e4hrigen Infosecurity 2019, Europas gr\u00f6\u00dfter und umfassendster Konferenz f\u00fcr Informationssicherheit, als Aussteller vertreten zu sein. Die Veranstaltung bringt \u00fcber 400 Aussteller zusammen, die den \u00fcber &hellip; Fortsetzung\" \/>\n<meta property=\"og:url\" content=\"https:\/\/www.metacompliance.com\/de\/nachrichten\/metacompliance-stellt-auf-der-infosecurity-europe-2019-aus\" \/>\n<meta property=\"og:site_name\" content=\"MetaCompliance\" \/>\n<meta property=\"article:published_time\" content=\"2019-05-21T09:23:00+00:00\" \/>\n<meta property=\"article:modified_time\" content=\"2025-07-24T07:31:21+00:00\" \/>\n<meta property=\"og:image\" content=\"https:\/\/www.metacompliance.com\/wp-content\/uploads\/2025\/06\/wu-yi-irBDwv8f93Q-unsplash-scaled.jpg\" \/>\n\t<meta property=\"og:image:width\" content=\"2560\" \/>\n\t<meta property=\"og:image:height\" content=\"1742\" \/>\n\t<meta property=\"og:image:type\" content=\"image\/jpeg\" \/>\n<meta name=\"author\" content=\"Rouge\" \/>\n<meta name=\"twitter:card\" content=\"summary_large_image\" \/>\n<meta name=\"twitter:label1\" content=\"Written by\" \/>\n\t<meta name=\"twitter:data1\" content=\"Rouge\" \/>\n\t<meta name=\"twitter:label2\" content=\"Est. reading time\" \/>\n\t<meta name=\"twitter:data2\" content=\"2\u00a0Minute\" \/>\n<script type=\"application\/ld+json\" class=\"yoast-schema-graph\">{\"@context\":\"https:\\\/\\\/schema.org\",\"@graph\":[{\"@type\":\"Article\",\"@id\":\"https:\\\/\\\/www.metacompliance.com\\\/de\\\/nachrichten\\\/metacompliance-stellt-auf-der-infosecurity-europe-2019-aus#article\",\"isPartOf\":{\"@id\":\"https:\\\/\\\/www.metacompliance.com\\\/de\\\/nachrichten\\\/metacompliance-stellt-auf-der-infosecurity-europe-2019-aus\"},\"author\":{\"name\":\"Rouge\",\"@id\":\"https:\\\/\\\/www.metacompliance.com\\\/de#\\\/schema\\\/person\\\/fe1b1dd873af281510fb0ad5f3fb5b38\"},\"headline\":\"MetaCompliance stellt auf der Infosecurity Europe 2019 aus\",\"datePublished\":\"2019-05-21T09:23:00+00:00\",\"dateModified\":\"2025-07-24T07:31:21+00:00\",\"mainEntityOfPage\":{\"@id\":\"https:\\\/\\\/www.metacompliance.com\\\/de\\\/nachrichten\\\/metacompliance-stellt-auf-der-infosecurity-europe-2019-aus\"},\"wordCount\":338,\"image\":{\"@id\":\"https:\\\/\\\/www.metacompliance.com\\\/de\\\/nachrichten\\\/metacompliance-stellt-auf-der-infosecurity-europe-2019-aus#primaryimage\"},\"thumbnailUrl\":\"https:\\\/\\\/www.metacompliance.com\\\/wp-content\\\/uploads\\\/2025\\\/06\\\/wu-yi-irBDwv8f93Q-unsplash-scaled.jpg\",\"articleSection\":[\"Company News\"],\"inLanguage\":\"de\"},{\"@type\":\"WebPage\",\"@id\":\"https:\\\/\\\/www.metacompliance.com\\\/de\\\/nachrichten\\\/metacompliance-stellt-auf-der-infosecurity-europe-2019-aus\",\"url\":\"https:\\\/\\\/www.metacompliance.com\\\/de\\\/nachrichten\\\/metacompliance-stellt-auf-der-infosecurity-europe-2019-aus\",\"name\":\"MetaCompliance stellt auf der Infosecurity Europe 2019 aus - MetaCompliance\",\"isPartOf\":{\"@id\":\"https:\\\/\\\/www.metacompliance.com\\\/de#website\"},\"primaryImageOfPage\":{\"@id\":\"https:\\\/\\\/www.metacompliance.com\\\/de\\\/nachrichten\\\/metacompliance-stellt-auf-der-infosecurity-europe-2019-aus#primaryimage\"},\"image\":{\"@id\":\"https:\\\/\\\/www.metacompliance.com\\\/de\\\/nachrichten\\\/metacompliance-stellt-auf-der-infosecurity-europe-2019-aus#primaryimage\"},\"thumbnailUrl\":\"https:\\\/\\\/www.metacompliance.com\\\/wp-content\\\/uploads\\\/2025\\\/06\\\/wu-yi-irBDwv8f93Q-unsplash-scaled.jpg\",\"datePublished\":\"2019-05-21T09:23:00+00:00\",\"dateModified\":\"2025-07-24T07:31:21+00:00\",\"author\":{\"@id\":\"https:\\\/\\\/www.metacompliance.com\\\/de#\\\/schema\\\/person\\\/fe1b1dd873af281510fb0ad5f3fb5b38\"},\"breadcrumb\":{\"@id\":\"https:\\\/\\\/www.metacompliance.com\\\/de\\\/nachrichten\\\/metacompliance-stellt-auf-der-infosecurity-europe-2019-aus#breadcrumb\"},\"inLanguage\":\"de\",\"potentialAction\":[{\"@type\":\"ReadAction\",\"target\":[\"https:\\\/\\\/www.metacompliance.com\\\/de\\\/nachrichten\\\/metacompliance-stellt-auf-der-infosecurity-europe-2019-aus\"]}]},{\"@type\":\"ImageObject\",\"inLanguage\":\"de\",\"@id\":\"https:\\\/\\\/www.metacompliance.com\\\/de\\\/nachrichten\\\/metacompliance-stellt-auf-der-infosecurity-europe-2019-aus#primaryimage\",\"url\":\"https:\\\/\\\/www.metacompliance.com\\\/wp-content\\\/uploads\\\/2025\\\/06\\\/wu-yi-irBDwv8f93Q-unsplash-scaled.jpg\",\"contentUrl\":\"https:\\\/\\\/www.metacompliance.com\\\/wp-content\\\/uploads\\\/2025\\\/06\\\/wu-yi-irBDwv8f93Q-unsplash-scaled.jpg\",\"width\":2560,\"height\":1742,\"caption\":\"wu yi irBDwv8f93Q unsplash\"},{\"@type\":\"BreadcrumbList\",\"@id\":\"https:\\\/\\\/www.metacompliance.com\\\/de\\\/nachrichten\\\/metacompliance-stellt-auf-der-infosecurity-europe-2019-aus#breadcrumb\",\"itemListElement\":[{\"@type\":\"ListItem\",\"position\":1,\"name\":\"Startseite\",\"item\":\"https:\\\/\\\/www.metacompliance.com\\\/de\"},{\"@type\":\"ListItem\",\"position\":2,\"name\":\"MetaCompliance stellt auf der Infosecurity Europe 2019 aus\"}]},{\"@type\":\"WebSite\",\"@id\":\"https:\\\/\\\/www.metacompliance.com\\\/de#website\",\"url\":\"https:\\\/\\\/www.metacompliance.com\\\/de\",\"name\":\"MetaCompliance\",\"description\":\"\",\"potentialAction\":[{\"@type\":\"SearchAction\",\"target\":{\"@type\":\"EntryPoint\",\"urlTemplate\":\"https:\\\/\\\/www.metacompliance.com\\\/de?s={search_term_string}\"},\"query-input\":{\"@type\":\"PropertyValueSpecification\",\"valueRequired\":true,\"valueName\":\"search_term_string\"}}],\"inLanguage\":\"de\"},{\"@type\":\"Person\",\"@id\":\"https:\\\/\\\/www.metacompliance.com\\\/de#\\\/schema\\\/person\\\/fe1b1dd873af281510fb0ad5f3fb5b38\",\"name\":\"Rouge\",\"image\":{\"@type\":\"ImageObject\",\"inLanguage\":\"de\",\"@id\":\"https:\\\/\\\/secure.gravatar.com\\\/avatar\\\/979d60cad2f4c478c3d73fbd41f1d4f30ab6a193ea6f9e91917d90c552707d6a?s=96&d=mm&r=g\",\"url\":\"https:\\\/\\\/secure.gravatar.com\\\/avatar\\\/979d60cad2f4c478c3d73fbd41f1d4f30ab6a193ea6f9e91917d90c552707d6a?s=96&d=mm&r=g\",\"contentUrl\":\"https:\\\/\\\/secure.gravatar.com\\\/avatar\\\/979d60cad2f4c478c3d73fbd41f1d4f30ab6a193ea6f9e91917d90c552707d6a?s=96&d=mm&r=g\",\"caption\":\"Rouge\"},\"sameAs\":[\"https:\\\/\\\/www.metacompliance.com\"]}]}<\/script>\n<!-- \/ Yoast SEO plugin. -->","yoast_head_json":{"title":"MetaCompliance stellt auf der Infosecurity Europe 2019 aus - MetaCompliance","robots":{"index":"index","follow":"follow","max-snippet":"max-snippet:-1","max-image-preview":"max-image-preview:large","max-video-preview":"max-video-preview:-1"},"canonical":"https:\/\/www.metacompliance.com\/de\/nachrichten\/metacompliance-stellt-auf-der-infosecurity-europe-2019-aus","og_locale":"de_DE","og_type":"article","og_title":"MetaCompliance stellt auf der Infosecurity Europe 2019 aus - MetaCompliance","og_description":"MetaCompliance freut sich, auf der diesj\u00e4hrigen Infosecurity 2019, Europas gr\u00f6\u00dfter und umfassendster Konferenz f\u00fcr Informationssicherheit, als Aussteller vertreten zu sein. Die Veranstaltung bringt \u00fcber 400 Aussteller zusammen, die den \u00fcber &hellip; Fortsetzung","og_url":"https:\/\/www.metacompliance.com\/de\/nachrichten\/metacompliance-stellt-auf-der-infosecurity-europe-2019-aus","og_site_name":"MetaCompliance","article_published_time":"2019-05-21T09:23:00+00:00","article_modified_time":"2025-07-24T07:31:21+00:00","og_image":[{"width":2560,"height":1742,"url":"https:\/\/www.metacompliance.com\/wp-content\/uploads\/2025\/06\/wu-yi-irBDwv8f93Q-unsplash-scaled.jpg","type":"image\/jpeg"}],"author":"Rouge","twitter_card":"summary_large_image","twitter_misc":{"Written by":"Rouge","Est. reading time":"2\u00a0Minute"},"schema":{"@context":"https:\/\/schema.org","@graph":[{"@type":"Article","@id":"https:\/\/www.metacompliance.com\/de\/nachrichten\/metacompliance-stellt-auf-der-infosecurity-europe-2019-aus#article","isPartOf":{"@id":"https:\/\/www.metacompliance.com\/de\/nachrichten\/metacompliance-stellt-auf-der-infosecurity-europe-2019-aus"},"author":{"name":"Rouge","@id":"https:\/\/www.metacompliance.com\/de#\/schema\/person\/fe1b1dd873af281510fb0ad5f3fb5b38"},"headline":"MetaCompliance stellt auf der Infosecurity Europe 2019 aus","datePublished":"2019-05-21T09:23:00+00:00","dateModified":"2025-07-24T07:31:21+00:00","mainEntityOfPage":{"@id":"https:\/\/www.metacompliance.com\/de\/nachrichten\/metacompliance-stellt-auf-der-infosecurity-europe-2019-aus"},"wordCount":338,"image":{"@id":"https:\/\/www.metacompliance.com\/de\/nachrichten\/metacompliance-stellt-auf-der-infosecurity-europe-2019-aus#primaryimage"},"thumbnailUrl":"https:\/\/www.metacompliance.com\/wp-content\/uploads\/2025\/06\/wu-yi-irBDwv8f93Q-unsplash-scaled.jpg","articleSection":["Company News"],"inLanguage":"de"},{"@type":"WebPage","@id":"https:\/\/www.metacompliance.com\/de\/nachrichten\/metacompliance-stellt-auf-der-infosecurity-europe-2019-aus","url":"https:\/\/www.metacompliance.com\/de\/nachrichten\/metacompliance-stellt-auf-der-infosecurity-europe-2019-aus","name":"MetaCompliance stellt auf der Infosecurity Europe 2019 aus - MetaCompliance","isPartOf":{"@id":"https:\/\/www.metacompliance.com\/de#website"},"primaryImageOfPage":{"@id":"https:\/\/www.metacompliance.com\/de\/nachrichten\/metacompliance-stellt-auf-der-infosecurity-europe-2019-aus#primaryimage"},"image":{"@id":"https:\/\/www.metacompliance.com\/de\/nachrichten\/metacompliance-stellt-auf-der-infosecurity-europe-2019-aus#primaryimage"},"thumbnailUrl":"https:\/\/www.metacompliance.com\/wp-content\/uploads\/2025\/06\/wu-yi-irBDwv8f93Q-unsplash-scaled.jpg","datePublished":"2019-05-21T09:23:00+00:00","dateModified":"2025-07-24T07:31:21+00:00","author":{"@id":"https:\/\/www.metacompliance.com\/de#\/schema\/person\/fe1b1dd873af281510fb0ad5f3fb5b38"},"breadcrumb":{"@id":"https:\/\/www.metacompliance.com\/de\/nachrichten\/metacompliance-stellt-auf-der-infosecurity-europe-2019-aus#breadcrumb"},"inLanguage":"de","potentialAction":[{"@type":"ReadAction","target":["https:\/\/www.metacompliance.com\/de\/nachrichten\/metacompliance-stellt-auf-der-infosecurity-europe-2019-aus"]}]},{"@type":"ImageObject","inLanguage":"de","@id":"https:\/\/www.metacompliance.com\/de\/nachrichten\/metacompliance-stellt-auf-der-infosecurity-europe-2019-aus#primaryimage","url":"https:\/\/www.metacompliance.com\/wp-content\/uploads\/2025\/06\/wu-yi-irBDwv8f93Q-unsplash-scaled.jpg","contentUrl":"https:\/\/www.metacompliance.com\/wp-content\/uploads\/2025\/06\/wu-yi-irBDwv8f93Q-unsplash-scaled.jpg","width":2560,"height":1742,"caption":"wu yi irBDwv8f93Q unsplash"},{"@type":"BreadcrumbList","@id":"https:\/\/www.metacompliance.com\/de\/nachrichten\/metacompliance-stellt-auf-der-infosecurity-europe-2019-aus#breadcrumb","itemListElement":[{"@type":"ListItem","position":1,"name":"Startseite","item":"https:\/\/www.metacompliance.com\/de"},{"@type":"ListItem","position":2,"name":"MetaCompliance stellt auf der Infosecurity Europe 2019 aus"}]},{"@type":"WebSite","@id":"https:\/\/www.metacompliance.com\/de#website","url":"https:\/\/www.metacompliance.com\/de","name":"MetaCompliance","description":"","potentialAction":[{"@type":"SearchAction","target":{"@type":"EntryPoint","urlTemplate":"https:\/\/www.metacompliance.com\/de?s={search_term_string}"},"query-input":{"@type":"PropertyValueSpecification","valueRequired":true,"valueName":"search_term_string"}}],"inLanguage":"de"},{"@type":"Person","@id":"https:\/\/www.metacompliance.com\/de#\/schema\/person\/fe1b1dd873af281510fb0ad5f3fb5b38","name":"Rouge","image":{"@type":"ImageObject","inLanguage":"de","@id":"https:\/\/secure.gravatar.com\/avatar\/979d60cad2f4c478c3d73fbd41f1d4f30ab6a193ea6f9e91917d90c552707d6a?s=96&d=mm&r=g","url":"https:\/\/secure.gravatar.com\/avatar\/979d60cad2f4c478c3d73fbd41f1d4f30ab6a193ea6f9e91917d90c552707d6a?s=96&d=mm&r=g","contentUrl":"https:\/\/secure.gravatar.com\/avatar\/979d60cad2f4c478c3d73fbd41f1d4f30ab6a193ea6f9e91917d90c552707d6a?s=96&d=mm&r=g","caption":"Rouge"},"sameAs":["https:\/\/www.metacompliance.com"]}]}},"_links":{"self":[{"href":"https:\/\/www.metacompliance.com\/de\/wp-json\/wp\/v2\/posts\/99751","targetHints":{"allow":["GET"]}}],"collection":[{"href":"https:\/\/www.metacompliance.com\/de\/wp-json\/wp\/v2\/posts"}],"about":[{"href":"https:\/\/www.metacompliance.com\/de\/wp-json\/wp\/v2\/types\/post"}],"author":[{"embeddable":true,"href":"https:\/\/www.metacompliance.com\/de\/wp-json\/wp\/v2\/users\/1"}],"replies":[{"embeddable":true,"href":"https:\/\/www.metacompliance.com\/de\/wp-json\/wp\/v2\/comments?post=99751"}],"version-history":[{"count":0,"href":"https:\/\/www.metacompliance.com\/de\/wp-json\/wp\/v2\/posts\/99751\/revisions"}],"wp:featuredmedia":[{"embeddable":true,"href":"https:\/\/www.metacompliance.com\/de\/wp-json\/wp\/v2\/media\/82943"}],"wp:attachment":[{"href":"https:\/\/www.metacompliance.com\/de\/wp-json\/wp\/v2\/media?parent=99751"}],"wp:term":[{"taxonomy":"category","embeddable":true,"href":"https:\/\/www.metacompliance.com\/de\/wp-json\/wp\/v2\/categories?post=99751"}],"curies":[{"name":"wp","href":"https:\/\/api.w.org\/{rel}","templated":true}]}}