{"id":103007,"date":"2017-09-19T08:11:00","date_gmt":"2017-09-19T07:11:00","guid":{"rendered":"https:\/\/metacomp.wpenginepowered.com\/info-hub\/sin-categoria\/metacompliance-to-attend-corporate-counsel-exchange-in-munich\/"},"modified":"2025-07-24T08:42:18","modified_gmt":"2025-07-24T07:42:18","slug":"metacompliance-participara-en-el-corporate-counsel-exchange-de-munich","status":"publish","type":"post","link":"https:\/\/www.metacompliance.com\/es\/noticias\/metacompliance-participara-en-el-corporate-counsel-exchange-de-munich","title":{"rendered":"MetaCompliance participar\u00e1 en el Corporate Counsel Exchange de Munich"},"content":{"rendered":"\n<p>Estamos encantados de anunciar que este a\u00f1o asistiremos al Corporate Counsel Exchange de Munich, que tendr\u00e1 lugar los d\u00edas 12 y 13 de octubre.<\/p>\n\n<p>Se trata de la 17\u00aa edici\u00f3n del Corporate Counsel Exchange y acoger\u00e1 a una audiencia de Consejeros Generales, Directores de Cumplimiento Normativo y Directores Jur\u00eddicos de todos los sectores industriales de toda Europa. El evento contar\u00e1 con presentaciones, debates interactivos y reuniones individuales. El Corporate Counsel Exchange es la oportunidad ideal para que MetaCompliance muestre sus galardonadas soluciones de concienciaci\u00f3n sobre Ciberseguridad y Cumplimiento Normativo.  <\/p>\n\n<p><br\/>MetaCompliance organiza una masterclass sobre \u00abImplantaci\u00f3n del GDPR: Building A Data Protection Culture In Business\u00bb Esta masterclass analizar\u00e1 la protecci\u00f3n de datos en un mundo moderno y los pasos necesarios para lograr el cumplimiento del GDPR que entrar\u00e1 en vigor en mayo de 2018.<\/p>\n\n<p>El GDPR es un tema acuciante para muchas organizaciones en estos momentos. Se espera que esta clase magistral proporcione una visi\u00f3n de lo que el GDPR significar\u00e1 para las empresas y c\u00f3mo prepararse para el reglamento y construir una cultura de cumplimiento.<br\/>Aseg\u00farese de seguir a MetaCompliance en Twitter, LinkedIn y Facebook para obtener m\u00e1s informaci\u00f3n y actualizaciones sobre nuestra asistencia a este evento. O puede ponerse en contacto con nosotros en info@metacompliance.com para obtener m\u00e1s informaci\u00f3n.  <\/p>\n\n<p>\u00a1Esperamos verle all\u00ed!<\/p>\n","protected":false},"excerpt":{"rendered":"<p>Estamos encantados de anunciar que este a\u00f1o asistiremos al Corporate Counsel Exchange de Munich, que tendr\u00e1 lugar los d\u00edas 12 y 13 de octubre. Se trata de la 17\u00aa edici\u00f3n &hellip; <a href=\"https:\/\/www.metacompliance.com\/es\/noticias\/metacompliance-participara-en-el-corporate-counsel-exchange-de-munich\">Contin\u00faa<\/a><\/p>\n","protected":false},"author":1,"featured_media":83323,"comment_status":"closed","ping_status":"closed","sticky":false,"template":"","format":"standard","meta":{"_acf_changed":false,"content-type":"","_relevanssi_hide_post":"","_relevanssi_hide_content":"","_relevanssi_pin_for_all":"","_relevanssi_pin_keywords":"","_relevanssi_unpin_keywords":"","_relevanssi_related_keywords":"","_relevanssi_related_include_ids":"","_relevanssi_related_exclude_ids":"","_relevanssi_related_no_append":"","_relevanssi_related_not_related":"","_relevanssi_related_posts":"","_relevanssi_noindex_reason":"","inline_featured_image":false,"footnotes":""},"categories":[26],"class_list":["post-103007","post","type-post","status-publish","format-standard","has-post-thumbnail","hentry","category-company-news"],"acf":[],"yoast_head":"<!-- This site is optimized with the Yoast SEO plugin v27.4 - https:\/\/yoast.com\/product\/yoast-seo-wordpress\/ -->\n<title>MetaCompliance participar\u00e1 en el Corporate Counsel Exchange de Munich - MetaCompliance<\/title>\n<meta name=\"robots\" content=\"index, follow, max-snippet:-1, max-image-preview:large, max-video-preview:-1\" \/>\n<link rel=\"canonical\" href=\"https:\/\/www.metacompliance.com\/es\/noticias\/metacompliance-participara-en-el-corporate-counsel-exchange-de-munich\" \/>\n<meta property=\"og:locale\" content=\"es_ES\" \/>\n<meta property=\"og:type\" content=\"article\" \/>\n<meta property=\"og:title\" content=\"MetaCompliance participar\u00e1 en el Corporate Counsel Exchange de Munich - MetaCompliance\" \/>\n<meta property=\"og:description\" content=\"Estamos encantados de anunciar que este a\u00f1o asistiremos al Corporate Counsel Exchange de Munich, que tendr\u00e1 lugar los d\u00edas 12 y 13 de octubre. Se trata de la 17\u00aa edici\u00f3n &hellip; Contin\u00faa\" \/>\n<meta property=\"og:url\" content=\"https:\/\/www.metacompliance.com\/es\/noticias\/metacompliance-participara-en-el-corporate-counsel-exchange-de-munich\" \/>\n<meta property=\"og:site_name\" content=\"MetaCompliance\" \/>\n<meta property=\"article:published_time\" content=\"2017-09-19T07:11:00+00:00\" \/>\n<meta property=\"article:modified_time\" content=\"2025-07-24T07:42:18+00:00\" \/>\n<meta property=\"og:image\" content=\"https:\/\/www.metacompliance.com\/wp-content\/uploads\/2025\/06\/sean-pollock-PhYq704ffdA-unsplash-scaled.jpg\" \/>\n\t<meta property=\"og:image:width\" content=\"2560\" \/>\n\t<meta property=\"og:image:height\" content=\"1707\" \/>\n\t<meta property=\"og:image:type\" content=\"image\/jpeg\" \/>\n<meta name=\"author\" content=\"Rouge\" \/>\n<meta name=\"twitter:card\" content=\"summary_large_image\" \/>\n<meta name=\"twitter:label1\" content=\"Written by\" \/>\n\t<meta name=\"twitter:data1\" content=\"Rouge\" \/>\n\t<meta name=\"twitter:label2\" content=\"Est. reading time\" \/>\n\t<meta name=\"twitter:data2\" content=\"1 minuto\" \/>\n<script type=\"application\/ld+json\" class=\"yoast-schema-graph\">{\"@context\":\"https:\\\/\\\/schema.org\",\"@graph\":[{\"@type\":\"Article\",\"@id\":\"https:\\\/\\\/www.metacompliance.com\\\/es\\\/noticias\\\/metacompliance-participara-en-el-corporate-counsel-exchange-de-munich#article\",\"isPartOf\":{\"@id\":\"https:\\\/\\\/www.metacompliance.com\\\/es\\\/noticias\\\/metacompliance-participara-en-el-corporate-counsel-exchange-de-munich\"},\"author\":{\"name\":\"Rouge\",\"@id\":\"https:\\\/\\\/www.metacompliance.com\\\/es#\\\/schema\\\/person\\\/fe1b1dd873af281510fb0ad5f3fb5b38\"},\"headline\":\"MetaCompliance participar\u00e1 en el Corporate Counsel Exchange de Munich\",\"datePublished\":\"2017-09-19T07:11:00+00:00\",\"dateModified\":\"2025-07-24T07:42:18+00:00\",\"mainEntityOfPage\":{\"@id\":\"https:\\\/\\\/www.metacompliance.com\\\/es\\\/noticias\\\/metacompliance-participara-en-el-corporate-counsel-exchange-de-munich\"},\"wordCount\":234,\"image\":{\"@id\":\"https:\\\/\\\/www.metacompliance.com\\\/es\\\/noticias\\\/metacompliance-participara-en-el-corporate-counsel-exchange-de-munich#primaryimage\"},\"thumbnailUrl\":\"https:\\\/\\\/www.metacompliance.com\\\/wp-content\\\/uploads\\\/2025\\\/06\\\/sean-pollock-PhYq704ffdA-unsplash-scaled.jpg\",\"articleSection\":[\"Company News\"],\"inLanguage\":\"es\"},{\"@type\":\"WebPage\",\"@id\":\"https:\\\/\\\/www.metacompliance.com\\\/es\\\/noticias\\\/metacompliance-participara-en-el-corporate-counsel-exchange-de-munich\",\"url\":\"https:\\\/\\\/www.metacompliance.com\\\/es\\\/noticias\\\/metacompliance-participara-en-el-corporate-counsel-exchange-de-munich\",\"name\":\"MetaCompliance participar\u00e1 en el Corporate Counsel Exchange de Munich - MetaCompliance\",\"isPartOf\":{\"@id\":\"https:\\\/\\\/www.metacompliance.com\\\/es#website\"},\"primaryImageOfPage\":{\"@id\":\"https:\\\/\\\/www.metacompliance.com\\\/es\\\/noticias\\\/metacompliance-participara-en-el-corporate-counsel-exchange-de-munich#primaryimage\"},\"image\":{\"@id\":\"https:\\\/\\\/www.metacompliance.com\\\/es\\\/noticias\\\/metacompliance-participara-en-el-corporate-counsel-exchange-de-munich#primaryimage\"},\"thumbnailUrl\":\"https:\\\/\\\/www.metacompliance.com\\\/wp-content\\\/uploads\\\/2025\\\/06\\\/sean-pollock-PhYq704ffdA-unsplash-scaled.jpg\",\"datePublished\":\"2017-09-19T07:11:00+00:00\",\"dateModified\":\"2025-07-24T07:42:18+00:00\",\"author\":{\"@id\":\"https:\\\/\\\/www.metacompliance.com\\\/es#\\\/schema\\\/person\\\/fe1b1dd873af281510fb0ad5f3fb5b38\"},\"breadcrumb\":{\"@id\":\"https:\\\/\\\/www.metacompliance.com\\\/es\\\/noticias\\\/metacompliance-participara-en-el-corporate-counsel-exchange-de-munich#breadcrumb\"},\"inLanguage\":\"es\",\"potentialAction\":[{\"@type\":\"ReadAction\",\"target\":[\"https:\\\/\\\/www.metacompliance.com\\\/es\\\/noticias\\\/metacompliance-participara-en-el-corporate-counsel-exchange-de-munich\"]}]},{\"@type\":\"ImageObject\",\"inLanguage\":\"es\",\"@id\":\"https:\\\/\\\/www.metacompliance.com\\\/es\\\/noticias\\\/metacompliance-participara-en-el-corporate-counsel-exchange-de-munich#primaryimage\",\"url\":\"https:\\\/\\\/www.metacompliance.com\\\/wp-content\\\/uploads\\\/2025\\\/06\\\/sean-pollock-PhYq704ffdA-unsplash-scaled.jpg\",\"contentUrl\":\"https:\\\/\\\/www.metacompliance.com\\\/wp-content\\\/uploads\\\/2025\\\/06\\\/sean-pollock-PhYq704ffdA-unsplash-scaled.jpg\",\"width\":2560,\"height\":1707,\"caption\":\"sean pollock PhYq704ffdA unsplash\"},{\"@type\":\"BreadcrumbList\",\"@id\":\"https:\\\/\\\/www.metacompliance.com\\\/es\\\/noticias\\\/metacompliance-participara-en-el-corporate-counsel-exchange-de-munich#breadcrumb\",\"itemListElement\":[{\"@type\":\"ListItem\",\"position\":1,\"name\":\"Inicio\",\"item\":\"https:\\\/\\\/www.metacompliance.com\\\/es\"},{\"@type\":\"ListItem\",\"position\":2,\"name\":\"MetaCompliance participar\u00e1 en el Corporate Counsel Exchange de Munich\"}]},{\"@type\":\"WebSite\",\"@id\":\"https:\\\/\\\/www.metacompliance.com\\\/es#website\",\"url\":\"https:\\\/\\\/www.metacompliance.com\\\/es\",\"name\":\"MetaCompliance\",\"description\":\"\",\"potentialAction\":[{\"@type\":\"SearchAction\",\"target\":{\"@type\":\"EntryPoint\",\"urlTemplate\":\"https:\\\/\\\/www.metacompliance.com\\\/es?s={search_term_string}\"},\"query-input\":{\"@type\":\"PropertyValueSpecification\",\"valueRequired\":true,\"valueName\":\"search_term_string\"}}],\"inLanguage\":\"es\"},{\"@type\":\"Person\",\"@id\":\"https:\\\/\\\/www.metacompliance.com\\\/es#\\\/schema\\\/person\\\/fe1b1dd873af281510fb0ad5f3fb5b38\",\"name\":\"Rouge\",\"image\":{\"@type\":\"ImageObject\",\"inLanguage\":\"es\",\"@id\":\"https:\\\/\\\/secure.gravatar.com\\\/avatar\\\/979d60cad2f4c478c3d73fbd41f1d4f30ab6a193ea6f9e91917d90c552707d6a?s=96&d=mm&r=g\",\"url\":\"https:\\\/\\\/secure.gravatar.com\\\/avatar\\\/979d60cad2f4c478c3d73fbd41f1d4f30ab6a193ea6f9e91917d90c552707d6a?s=96&d=mm&r=g\",\"contentUrl\":\"https:\\\/\\\/secure.gravatar.com\\\/avatar\\\/979d60cad2f4c478c3d73fbd41f1d4f30ab6a193ea6f9e91917d90c552707d6a?s=96&d=mm&r=g\",\"caption\":\"Rouge\"},\"sameAs\":[\"https:\\\/\\\/www.metacompliance.com\"]}]}<\/script>\n<!-- \/ Yoast SEO plugin. -->","yoast_head_json":{"title":"MetaCompliance participar\u00e1 en el Corporate Counsel Exchange de Munich - MetaCompliance","robots":{"index":"index","follow":"follow","max-snippet":"max-snippet:-1","max-image-preview":"max-image-preview:large","max-video-preview":"max-video-preview:-1"},"canonical":"https:\/\/www.metacompliance.com\/es\/noticias\/metacompliance-participara-en-el-corporate-counsel-exchange-de-munich","og_locale":"es_ES","og_type":"article","og_title":"MetaCompliance participar\u00e1 en el Corporate Counsel Exchange de Munich - MetaCompliance","og_description":"Estamos encantados de anunciar que este a\u00f1o asistiremos al Corporate Counsel Exchange de Munich, que tendr\u00e1 lugar los d\u00edas 12 y 13 de octubre. Se trata de la 17\u00aa edici\u00f3n &hellip; Contin\u00faa","og_url":"https:\/\/www.metacompliance.com\/es\/noticias\/metacompliance-participara-en-el-corporate-counsel-exchange-de-munich","og_site_name":"MetaCompliance","article_published_time":"2017-09-19T07:11:00+00:00","article_modified_time":"2025-07-24T07:42:18+00:00","og_image":[{"width":2560,"height":1707,"url":"https:\/\/www.metacompliance.com\/wp-content\/uploads\/2025\/06\/sean-pollock-PhYq704ffdA-unsplash-scaled.jpg","type":"image\/jpeg"}],"author":"Rouge","twitter_card":"summary_large_image","twitter_misc":{"Written by":"Rouge","Est. reading time":"1 minuto"},"schema":{"@context":"https:\/\/schema.org","@graph":[{"@type":"Article","@id":"https:\/\/www.metacompliance.com\/es\/noticias\/metacompliance-participara-en-el-corporate-counsel-exchange-de-munich#article","isPartOf":{"@id":"https:\/\/www.metacompliance.com\/es\/noticias\/metacompliance-participara-en-el-corporate-counsel-exchange-de-munich"},"author":{"name":"Rouge","@id":"https:\/\/www.metacompliance.com\/es#\/schema\/person\/fe1b1dd873af281510fb0ad5f3fb5b38"},"headline":"MetaCompliance participar\u00e1 en el Corporate Counsel Exchange de Munich","datePublished":"2017-09-19T07:11:00+00:00","dateModified":"2025-07-24T07:42:18+00:00","mainEntityOfPage":{"@id":"https:\/\/www.metacompliance.com\/es\/noticias\/metacompliance-participara-en-el-corporate-counsel-exchange-de-munich"},"wordCount":234,"image":{"@id":"https:\/\/www.metacompliance.com\/es\/noticias\/metacompliance-participara-en-el-corporate-counsel-exchange-de-munich#primaryimage"},"thumbnailUrl":"https:\/\/www.metacompliance.com\/wp-content\/uploads\/2025\/06\/sean-pollock-PhYq704ffdA-unsplash-scaled.jpg","articleSection":["Company News"],"inLanguage":"es"},{"@type":"WebPage","@id":"https:\/\/www.metacompliance.com\/es\/noticias\/metacompliance-participara-en-el-corporate-counsel-exchange-de-munich","url":"https:\/\/www.metacompliance.com\/es\/noticias\/metacompliance-participara-en-el-corporate-counsel-exchange-de-munich","name":"MetaCompliance participar\u00e1 en el Corporate Counsel Exchange de Munich - MetaCompliance","isPartOf":{"@id":"https:\/\/www.metacompliance.com\/es#website"},"primaryImageOfPage":{"@id":"https:\/\/www.metacompliance.com\/es\/noticias\/metacompliance-participara-en-el-corporate-counsel-exchange-de-munich#primaryimage"},"image":{"@id":"https:\/\/www.metacompliance.com\/es\/noticias\/metacompliance-participara-en-el-corporate-counsel-exchange-de-munich#primaryimage"},"thumbnailUrl":"https:\/\/www.metacompliance.com\/wp-content\/uploads\/2025\/06\/sean-pollock-PhYq704ffdA-unsplash-scaled.jpg","datePublished":"2017-09-19T07:11:00+00:00","dateModified":"2025-07-24T07:42:18+00:00","author":{"@id":"https:\/\/www.metacompliance.com\/es#\/schema\/person\/fe1b1dd873af281510fb0ad5f3fb5b38"},"breadcrumb":{"@id":"https:\/\/www.metacompliance.com\/es\/noticias\/metacompliance-participara-en-el-corporate-counsel-exchange-de-munich#breadcrumb"},"inLanguage":"es","potentialAction":[{"@type":"ReadAction","target":["https:\/\/www.metacompliance.com\/es\/noticias\/metacompliance-participara-en-el-corporate-counsel-exchange-de-munich"]}]},{"@type":"ImageObject","inLanguage":"es","@id":"https:\/\/www.metacompliance.com\/es\/noticias\/metacompliance-participara-en-el-corporate-counsel-exchange-de-munich#primaryimage","url":"https:\/\/www.metacompliance.com\/wp-content\/uploads\/2025\/06\/sean-pollock-PhYq704ffdA-unsplash-scaled.jpg","contentUrl":"https:\/\/www.metacompliance.com\/wp-content\/uploads\/2025\/06\/sean-pollock-PhYq704ffdA-unsplash-scaled.jpg","width":2560,"height":1707,"caption":"sean pollock PhYq704ffdA unsplash"},{"@type":"BreadcrumbList","@id":"https:\/\/www.metacompliance.com\/es\/noticias\/metacompliance-participara-en-el-corporate-counsel-exchange-de-munich#breadcrumb","itemListElement":[{"@type":"ListItem","position":1,"name":"Inicio","item":"https:\/\/www.metacompliance.com\/es"},{"@type":"ListItem","position":2,"name":"MetaCompliance participar\u00e1 en el Corporate Counsel Exchange de Munich"}]},{"@type":"WebSite","@id":"https:\/\/www.metacompliance.com\/es#website","url":"https:\/\/www.metacompliance.com\/es","name":"MetaCompliance","description":"","potentialAction":[{"@type":"SearchAction","target":{"@type":"EntryPoint","urlTemplate":"https:\/\/www.metacompliance.com\/es?s={search_term_string}"},"query-input":{"@type":"PropertyValueSpecification","valueRequired":true,"valueName":"search_term_string"}}],"inLanguage":"es"},{"@type":"Person","@id":"https:\/\/www.metacompliance.com\/es#\/schema\/person\/fe1b1dd873af281510fb0ad5f3fb5b38","name":"Rouge","image":{"@type":"ImageObject","inLanguage":"es","@id":"https:\/\/secure.gravatar.com\/avatar\/979d60cad2f4c478c3d73fbd41f1d4f30ab6a193ea6f9e91917d90c552707d6a?s=96&d=mm&r=g","url":"https:\/\/secure.gravatar.com\/avatar\/979d60cad2f4c478c3d73fbd41f1d4f30ab6a193ea6f9e91917d90c552707d6a?s=96&d=mm&r=g","contentUrl":"https:\/\/secure.gravatar.com\/avatar\/979d60cad2f4c478c3d73fbd41f1d4f30ab6a193ea6f9e91917d90c552707d6a?s=96&d=mm&r=g","caption":"Rouge"},"sameAs":["https:\/\/www.metacompliance.com"]}]}},"_links":{"self":[{"href":"https:\/\/www.metacompliance.com\/es\/wp-json\/wp\/v2\/posts\/103007","targetHints":{"allow":["GET"]}}],"collection":[{"href":"https:\/\/www.metacompliance.com\/es\/wp-json\/wp\/v2\/posts"}],"about":[{"href":"https:\/\/www.metacompliance.com\/es\/wp-json\/wp\/v2\/types\/post"}],"author":[{"embeddable":true,"href":"https:\/\/www.metacompliance.com\/es\/wp-json\/wp\/v2\/users\/1"}],"replies":[{"embeddable":true,"href":"https:\/\/www.metacompliance.com\/es\/wp-json\/wp\/v2\/comments?post=103007"}],"version-history":[{"count":0,"href":"https:\/\/www.metacompliance.com\/es\/wp-json\/wp\/v2\/posts\/103007\/revisions"}],"wp:featuredmedia":[{"embeddable":true,"href":"https:\/\/www.metacompliance.com\/es\/wp-json\/wp\/v2\/media\/83323"}],"wp:attachment":[{"href":"https:\/\/www.metacompliance.com\/es\/wp-json\/wp\/v2\/media?parent=103007"}],"wp:term":[{"taxonomy":"category","embeddable":true,"href":"https:\/\/www.metacompliance.com\/es\/wp-json\/wp\/v2\/categories?post=103007"}],"curies":[{"name":"wp","href":"https:\/\/api.w.org\/{rel}","templated":true}]}}