{"id":107028,"date":"2017-03-10T12:01:00","date_gmt":"2017-03-10T11:01:00","guid":{"rendered":"https:\/\/metacomp.wpenginepowered.com\/sin-categoria\/iapp-hosts-gdpr-project-implementation-webinar-2"},"modified":"2025-09-22T02:15:48","modified_gmt":"2025-09-22T01:15:48","slug":"iapp-organiza-un-seminario-web-sobre-la-aplicacion-del-proyecto-gdpr","status":"publish","type":"post","link":"https:\/\/www.metacompliance.com\/es\/noticias\/iapp-organiza-un-seminario-web-sobre-la-aplicacion-del-proyecto-gdpr","title":{"rendered":"IAPP organiza un seminario web sobre la aplicaci\u00f3n del proyecto GDPR"},"content":{"rendered":"\n<p>El GDPR es un tema que est\u00e1 en la mente de todas las organizaciones que conservan datos de ciudadanos europeos. Probablemente marque el inicio de una mayor regulaci\u00f3n en torno a la privacidad tambi\u00e9n en otros pa\u00edses. <\/p>\n\n<p>La IAPP organiza un <a href=\"https:\/\/my.iapp.org\/nc__event?id=a0l1a000003fhtVAAQ\" target=\"_blank\" rel=\"noreferrer noopener\">seminario web<\/a> sobre el GDPR en colaboraci\u00f3n con MetaCompliance sobre este tema clave de la privacidad titulado \u00ab\u00bfCu\u00e1les son las 3 etapas clave de un proyecto GDPR?\u00bb. Se trata de un webinar que pretende ofrecer consejos pr\u00e1cticos as\u00ed como recursos gratuitos para ayudar a las organizaciones a planificar y ejecutar sus proyectos GDPR internos. El seminario web se celebrar\u00e1 el<sup>6 de<\/sup> abril de 2017 a las 10:00 - 11:00 a.m. ET, 15:00 - 16:00 GMT y contar\u00e1 con invitados especiales expertos en el campo de la privacidad.  <\/p>\n\n<p>Hablando sobre el tema del GDPR, el Sr. Robert O&#8217;Brien, CEO de MetaCompliance dijo \u00abEl GDPR est\u00e1 llamado a ser el est\u00e1ndar de oro para la regulaci\u00f3n de la privacidad en todo el mundo. Estamos trabajando con The IAPP para proporcionar los recursos pertinentes y la educaci\u00f3n para las organizaciones que est\u00e1n encontrando dificultades para dar sentido a la regulaci\u00f3n y, a continuaci\u00f3n, aplicar que dentro de un \u00abnegocio como de costumbre\u00bb medio ambiente.\u00bb<\/p>\n\n<p>Los participantes en el seminario web pueden esperar aprender sobre los enfoques de aplicaci\u00f3n junto con las mejores pr\u00e1cticas en relaci\u00f3n con la educaci\u00f3n del resto de la organizaci\u00f3n sobre esta importante normativa.<\/p>\n\n<p>MetaCompliance lleva desarrollando software y contenidos para el mercado de la ciberseguridad desde 2005 y estamos convencidos de que las organizaciones deben reconocer las barreras naturales que impiden el cambio de comportamiento y encontrarse con la poblaci\u00f3n de usuarios a medio camino mediante comunicaciones reconocibles, repetibles y de alta calidad sobre ciberseguridad y cumplimiento.<\/p>\n\n<p>Estamos deseando trabajar con <a href=\"https:\/\/iapp.org\/\" target=\"_blank\" rel=\"noreferrer noopener\">la Asociaci\u00f3n Internacional de Profesionales de la Privacidad (IAPP<\/a>), un recurso para los profesionales que desean desarrollar y avanzar en sus carreras ayudando a sus organizaciones a gestionar con \u00e9xito estos riesgos y proteger sus datos.  <\/p>\n","protected":false},"excerpt":{"rendered":"<p>El GDPR es un tema que est\u00e1 en la mente de todas las organizaciones que conservan datos de ciudadanos europeos. Probablemente marque el inicio de una mayor regulaci\u00f3n en torno &hellip; <a href=\"https:\/\/www.metacompliance.com\/es\/noticias\/iapp-organiza-un-seminario-web-sobre-la-aplicacion-del-proyecto-gdpr\">Contin\u00faa<\/a><\/p>\n","protected":false},"author":1,"featured_media":14112,"comment_status":"closed","ping_status":"closed","sticky":false,"template":"","format":"standard","meta":{"_acf_changed":false,"content-type":"","_relevanssi_hide_post":"","_relevanssi_hide_content":"","_relevanssi_pin_for_all":"","_relevanssi_pin_keywords":"","_relevanssi_unpin_keywords":"","_relevanssi_related_keywords":"","_relevanssi_related_include_ids":"","_relevanssi_related_exclude_ids":"","_relevanssi_related_no_append":"","_relevanssi_related_not_related":"","_relevanssi_related_posts":"","_relevanssi_noindex_reason":"","inline_featured_image":false,"footnotes":""},"categories":[169],"class_list":["post-107028","post","type-post","status-publish","format-standard","has-post-thumbnail","hentry","category-noticias"],"acf":[],"yoast_head":"<!-- This site is optimized with the Yoast SEO plugin v27.4 - https:\/\/yoast.com\/product\/yoast-seo-wordpress\/ -->\n<title>IAPP organiza un seminario web sobre la aplicaci\u00f3n del proyecto GDPR - MetaCompliance<\/title>\n<meta name=\"robots\" content=\"index, follow, max-snippet:-1, max-image-preview:large, max-video-preview:-1\" \/>\n<link rel=\"canonical\" href=\"https:\/\/www.metacompliance.com\/es\/noticias\/iapp-organiza-un-seminario-web-sobre-la-aplicacion-del-proyecto-gdpr\" \/>\n<meta property=\"og:locale\" content=\"es_ES\" \/>\n<meta property=\"og:type\" content=\"article\" \/>\n<meta property=\"og:title\" content=\"IAPP organiza un seminario web sobre la aplicaci\u00f3n del proyecto GDPR - MetaCompliance\" \/>\n<meta property=\"og:description\" content=\"El GDPR es un tema que est\u00e1 en la mente de todas las organizaciones que conservan datos de ciudadanos europeos. Probablemente marque el inicio de una mayor regulaci\u00f3n en torno &hellip; Contin\u00faa\" \/>\n<meta property=\"og:url\" content=\"https:\/\/www.metacompliance.com\/es\/noticias\/iapp-organiza-un-seminario-web-sobre-la-aplicacion-del-proyecto-gdpr\" \/>\n<meta property=\"og:site_name\" content=\"MetaCompliance\" \/>\n<meta property=\"article:published_time\" content=\"2017-03-10T11:01:00+00:00\" \/>\n<meta property=\"article:modified_time\" content=\"2025-09-22T01:15:48+00:00\" \/>\n<meta property=\"og:image\" content=\"https:\/\/www.metacompliance.com\/wp-content\/uploads\/2025\/06\/gdpr-blog-image-002.jpg\" \/>\n\t<meta property=\"og:image:width\" content=\"840\" \/>\n\t<meta property=\"og:image:height\" content=\"420\" \/>\n\t<meta property=\"og:image:type\" content=\"image\/jpeg\" \/>\n<meta name=\"author\" content=\"Rouge\" \/>\n<meta name=\"twitter:card\" content=\"summary_large_image\" \/>\n<meta name=\"twitter:label1\" content=\"Written by\" \/>\n\t<meta name=\"twitter:data1\" content=\"Rouge\" \/>\n\t<meta name=\"twitter:label2\" content=\"Est. reading time\" \/>\n\t<meta name=\"twitter:data2\" content=\"2 minuto\" \/>\n<script type=\"application\/ld+json\" class=\"yoast-schema-graph\">{\"@context\":\"https:\\\/\\\/schema.org\",\"@graph\":[{\"@type\":\"Article\",\"@id\":\"https:\\\/\\\/www.metacompliance.com\\\/es\\\/noticias\\\/iapp-organiza-un-seminario-web-sobre-la-aplicacion-del-proyecto-gdpr#article\",\"isPartOf\":{\"@id\":\"https:\\\/\\\/www.metacompliance.com\\\/es\\\/noticias\\\/iapp-organiza-un-seminario-web-sobre-la-aplicacion-del-proyecto-gdpr\"},\"author\":{\"name\":\"Rouge\",\"@id\":\"https:\\\/\\\/www.metacompliance.com\\\/es#\\\/schema\\\/person\\\/fe1b1dd873af281510fb0ad5f3fb5b38\"},\"headline\":\"IAPP organiza un seminario web sobre la aplicaci\u00f3n del proyecto GDPR\",\"datePublished\":\"2017-03-10T11:01:00+00:00\",\"dateModified\":\"2025-09-22T01:15:48+00:00\",\"mainEntityOfPage\":{\"@id\":\"https:\\\/\\\/www.metacompliance.com\\\/es\\\/noticias\\\/iapp-organiza-un-seminario-web-sobre-la-aplicacion-del-proyecto-gdpr\"},\"wordCount\":355,\"image\":{\"@id\":\"https:\\\/\\\/www.metacompliance.com\\\/es\\\/noticias\\\/iapp-organiza-un-seminario-web-sobre-la-aplicacion-del-proyecto-gdpr#primaryimage\"},\"thumbnailUrl\":\"https:\\\/\\\/www.metacompliance.com\\\/wp-content\\\/uploads\\\/2025\\\/06\\\/gdpr-blog-image-002.jpg\",\"articleSection\":[\"Noticias de la empresa\"],\"inLanguage\":\"es\"},{\"@type\":\"WebPage\",\"@id\":\"https:\\\/\\\/www.metacompliance.com\\\/es\\\/noticias\\\/iapp-organiza-un-seminario-web-sobre-la-aplicacion-del-proyecto-gdpr\",\"url\":\"https:\\\/\\\/www.metacompliance.com\\\/es\\\/noticias\\\/iapp-organiza-un-seminario-web-sobre-la-aplicacion-del-proyecto-gdpr\",\"name\":\"IAPP organiza un seminario web sobre la aplicaci\u00f3n del proyecto GDPR - MetaCompliance\",\"isPartOf\":{\"@id\":\"https:\\\/\\\/www.metacompliance.com\\\/es#website\"},\"primaryImageOfPage\":{\"@id\":\"https:\\\/\\\/www.metacompliance.com\\\/es\\\/noticias\\\/iapp-organiza-un-seminario-web-sobre-la-aplicacion-del-proyecto-gdpr#primaryimage\"},\"image\":{\"@id\":\"https:\\\/\\\/www.metacompliance.com\\\/es\\\/noticias\\\/iapp-organiza-un-seminario-web-sobre-la-aplicacion-del-proyecto-gdpr#primaryimage\"},\"thumbnailUrl\":\"https:\\\/\\\/www.metacompliance.com\\\/wp-content\\\/uploads\\\/2025\\\/06\\\/gdpr-blog-image-002.jpg\",\"datePublished\":\"2017-03-10T11:01:00+00:00\",\"dateModified\":\"2025-09-22T01:15:48+00:00\",\"author\":{\"@id\":\"https:\\\/\\\/www.metacompliance.com\\\/es#\\\/schema\\\/person\\\/fe1b1dd873af281510fb0ad5f3fb5b38\"},\"breadcrumb\":{\"@id\":\"https:\\\/\\\/www.metacompliance.com\\\/es\\\/noticias\\\/iapp-organiza-un-seminario-web-sobre-la-aplicacion-del-proyecto-gdpr#breadcrumb\"},\"inLanguage\":\"es\",\"potentialAction\":[{\"@type\":\"ReadAction\",\"target\":[\"https:\\\/\\\/www.metacompliance.com\\\/es\\\/noticias\\\/iapp-organiza-un-seminario-web-sobre-la-aplicacion-del-proyecto-gdpr\"]}]},{\"@type\":\"ImageObject\",\"inLanguage\":\"es\",\"@id\":\"https:\\\/\\\/www.metacompliance.com\\\/es\\\/noticias\\\/iapp-organiza-un-seminario-web-sobre-la-aplicacion-del-proyecto-gdpr#primaryimage\",\"url\":\"https:\\\/\\\/www.metacompliance.com\\\/wp-content\\\/uploads\\\/2025\\\/06\\\/gdpr-blog-image-002.jpg\",\"contentUrl\":\"https:\\\/\\\/www.metacompliance.com\\\/wp-content\\\/uploads\\\/2025\\\/06\\\/gdpr-blog-image-002.jpg\",\"width\":840,\"height\":420,\"caption\":\"gdpr blog imagen 002\"},{\"@type\":\"BreadcrumbList\",\"@id\":\"https:\\\/\\\/www.metacompliance.com\\\/es\\\/noticias\\\/iapp-organiza-un-seminario-web-sobre-la-aplicacion-del-proyecto-gdpr#breadcrumb\",\"itemListElement\":[{\"@type\":\"ListItem\",\"position\":1,\"name\":\"Inicio\",\"item\":\"https:\\\/\\\/www.metacompliance.com\\\/es\"},{\"@type\":\"ListItem\",\"position\":2,\"name\":\"IAPP organiza un seminario web sobre la aplicaci\u00f3n del proyecto GDPR\"}]},{\"@type\":\"WebSite\",\"@id\":\"https:\\\/\\\/www.metacompliance.com\\\/es#website\",\"url\":\"https:\\\/\\\/www.metacompliance.com\\\/es\",\"name\":\"MetaCompliance\",\"description\":\"\",\"potentialAction\":[{\"@type\":\"SearchAction\",\"target\":{\"@type\":\"EntryPoint\",\"urlTemplate\":\"https:\\\/\\\/www.metacompliance.com\\\/es?s={search_term_string}\"},\"query-input\":{\"@type\":\"PropertyValueSpecification\",\"valueRequired\":true,\"valueName\":\"search_term_string\"}}],\"inLanguage\":\"es\"},{\"@type\":\"Person\",\"@id\":\"https:\\\/\\\/www.metacompliance.com\\\/es#\\\/schema\\\/person\\\/fe1b1dd873af281510fb0ad5f3fb5b38\",\"name\":\"Rouge\",\"image\":{\"@type\":\"ImageObject\",\"inLanguage\":\"es\",\"@id\":\"https:\\\/\\\/secure.gravatar.com\\\/avatar\\\/979d60cad2f4c478c3d73fbd41f1d4f30ab6a193ea6f9e91917d90c552707d6a?s=96&d=mm&r=g\",\"url\":\"https:\\\/\\\/secure.gravatar.com\\\/avatar\\\/979d60cad2f4c478c3d73fbd41f1d4f30ab6a193ea6f9e91917d90c552707d6a?s=96&d=mm&r=g\",\"contentUrl\":\"https:\\\/\\\/secure.gravatar.com\\\/avatar\\\/979d60cad2f4c478c3d73fbd41f1d4f30ab6a193ea6f9e91917d90c552707d6a?s=96&d=mm&r=g\",\"caption\":\"Rouge\"},\"sameAs\":[\"https:\\\/\\\/www.metacompliance.com\"]}]}<\/script>\n<!-- \/ Yoast SEO plugin. -->","yoast_head_json":{"title":"IAPP organiza un seminario web sobre la aplicaci\u00f3n del proyecto GDPR - MetaCompliance","robots":{"index":"index","follow":"follow","max-snippet":"max-snippet:-1","max-image-preview":"max-image-preview:large","max-video-preview":"max-video-preview:-1"},"canonical":"https:\/\/www.metacompliance.com\/es\/noticias\/iapp-organiza-un-seminario-web-sobre-la-aplicacion-del-proyecto-gdpr","og_locale":"es_ES","og_type":"article","og_title":"IAPP organiza un seminario web sobre la aplicaci\u00f3n del proyecto GDPR - MetaCompliance","og_description":"El GDPR es un tema que est\u00e1 en la mente de todas las organizaciones que conservan datos de ciudadanos europeos. Probablemente marque el inicio de una mayor regulaci\u00f3n en torno &hellip; Contin\u00faa","og_url":"https:\/\/www.metacompliance.com\/es\/noticias\/iapp-organiza-un-seminario-web-sobre-la-aplicacion-del-proyecto-gdpr","og_site_name":"MetaCompliance","article_published_time":"2017-03-10T11:01:00+00:00","article_modified_time":"2025-09-22T01:15:48+00:00","og_image":[{"width":840,"height":420,"url":"https:\/\/www.metacompliance.com\/wp-content\/uploads\/2025\/06\/gdpr-blog-image-002.jpg","type":"image\/jpeg"}],"author":"Rouge","twitter_card":"summary_large_image","twitter_misc":{"Written by":"Rouge","Est. reading time":"2 minuto"},"schema":{"@context":"https:\/\/schema.org","@graph":[{"@type":"Article","@id":"https:\/\/www.metacompliance.com\/es\/noticias\/iapp-organiza-un-seminario-web-sobre-la-aplicacion-del-proyecto-gdpr#article","isPartOf":{"@id":"https:\/\/www.metacompliance.com\/es\/noticias\/iapp-organiza-un-seminario-web-sobre-la-aplicacion-del-proyecto-gdpr"},"author":{"name":"Rouge","@id":"https:\/\/www.metacompliance.com\/es#\/schema\/person\/fe1b1dd873af281510fb0ad5f3fb5b38"},"headline":"IAPP organiza un seminario web sobre la aplicaci\u00f3n del proyecto GDPR","datePublished":"2017-03-10T11:01:00+00:00","dateModified":"2025-09-22T01:15:48+00:00","mainEntityOfPage":{"@id":"https:\/\/www.metacompliance.com\/es\/noticias\/iapp-organiza-un-seminario-web-sobre-la-aplicacion-del-proyecto-gdpr"},"wordCount":355,"image":{"@id":"https:\/\/www.metacompliance.com\/es\/noticias\/iapp-organiza-un-seminario-web-sobre-la-aplicacion-del-proyecto-gdpr#primaryimage"},"thumbnailUrl":"https:\/\/www.metacompliance.com\/wp-content\/uploads\/2025\/06\/gdpr-blog-image-002.jpg","articleSection":["Noticias de la empresa"],"inLanguage":"es"},{"@type":"WebPage","@id":"https:\/\/www.metacompliance.com\/es\/noticias\/iapp-organiza-un-seminario-web-sobre-la-aplicacion-del-proyecto-gdpr","url":"https:\/\/www.metacompliance.com\/es\/noticias\/iapp-organiza-un-seminario-web-sobre-la-aplicacion-del-proyecto-gdpr","name":"IAPP organiza un seminario web sobre la aplicaci\u00f3n del proyecto GDPR - MetaCompliance","isPartOf":{"@id":"https:\/\/www.metacompliance.com\/es#website"},"primaryImageOfPage":{"@id":"https:\/\/www.metacompliance.com\/es\/noticias\/iapp-organiza-un-seminario-web-sobre-la-aplicacion-del-proyecto-gdpr#primaryimage"},"image":{"@id":"https:\/\/www.metacompliance.com\/es\/noticias\/iapp-organiza-un-seminario-web-sobre-la-aplicacion-del-proyecto-gdpr#primaryimage"},"thumbnailUrl":"https:\/\/www.metacompliance.com\/wp-content\/uploads\/2025\/06\/gdpr-blog-image-002.jpg","datePublished":"2017-03-10T11:01:00+00:00","dateModified":"2025-09-22T01:15:48+00:00","author":{"@id":"https:\/\/www.metacompliance.com\/es#\/schema\/person\/fe1b1dd873af281510fb0ad5f3fb5b38"},"breadcrumb":{"@id":"https:\/\/www.metacompliance.com\/es\/noticias\/iapp-organiza-un-seminario-web-sobre-la-aplicacion-del-proyecto-gdpr#breadcrumb"},"inLanguage":"es","potentialAction":[{"@type":"ReadAction","target":["https:\/\/www.metacompliance.com\/es\/noticias\/iapp-organiza-un-seminario-web-sobre-la-aplicacion-del-proyecto-gdpr"]}]},{"@type":"ImageObject","inLanguage":"es","@id":"https:\/\/www.metacompliance.com\/es\/noticias\/iapp-organiza-un-seminario-web-sobre-la-aplicacion-del-proyecto-gdpr#primaryimage","url":"https:\/\/www.metacompliance.com\/wp-content\/uploads\/2025\/06\/gdpr-blog-image-002.jpg","contentUrl":"https:\/\/www.metacompliance.com\/wp-content\/uploads\/2025\/06\/gdpr-blog-image-002.jpg","width":840,"height":420,"caption":"gdpr blog imagen 002"},{"@type":"BreadcrumbList","@id":"https:\/\/www.metacompliance.com\/es\/noticias\/iapp-organiza-un-seminario-web-sobre-la-aplicacion-del-proyecto-gdpr#breadcrumb","itemListElement":[{"@type":"ListItem","position":1,"name":"Inicio","item":"https:\/\/www.metacompliance.com\/es"},{"@type":"ListItem","position":2,"name":"IAPP organiza un seminario web sobre la aplicaci\u00f3n del proyecto GDPR"}]},{"@type":"WebSite","@id":"https:\/\/www.metacompliance.com\/es#website","url":"https:\/\/www.metacompliance.com\/es","name":"MetaCompliance","description":"","potentialAction":[{"@type":"SearchAction","target":{"@type":"EntryPoint","urlTemplate":"https:\/\/www.metacompliance.com\/es?s={search_term_string}"},"query-input":{"@type":"PropertyValueSpecification","valueRequired":true,"valueName":"search_term_string"}}],"inLanguage":"es"},{"@type":"Person","@id":"https:\/\/www.metacompliance.com\/es#\/schema\/person\/fe1b1dd873af281510fb0ad5f3fb5b38","name":"Rouge","image":{"@type":"ImageObject","inLanguage":"es","@id":"https:\/\/secure.gravatar.com\/avatar\/979d60cad2f4c478c3d73fbd41f1d4f30ab6a193ea6f9e91917d90c552707d6a?s=96&d=mm&r=g","url":"https:\/\/secure.gravatar.com\/avatar\/979d60cad2f4c478c3d73fbd41f1d4f30ab6a193ea6f9e91917d90c552707d6a?s=96&d=mm&r=g","contentUrl":"https:\/\/secure.gravatar.com\/avatar\/979d60cad2f4c478c3d73fbd41f1d4f30ab6a193ea6f9e91917d90c552707d6a?s=96&d=mm&r=g","caption":"Rouge"},"sameAs":["https:\/\/www.metacompliance.com"]}]}},"_links":{"self":[{"href":"https:\/\/www.metacompliance.com\/es\/wp-json\/wp\/v2\/posts\/107028","targetHints":{"allow":["GET"]}}],"collection":[{"href":"https:\/\/www.metacompliance.com\/es\/wp-json\/wp\/v2\/posts"}],"about":[{"href":"https:\/\/www.metacompliance.com\/es\/wp-json\/wp\/v2\/types\/post"}],"author":[{"embeddable":true,"href":"https:\/\/www.metacompliance.com\/es\/wp-json\/wp\/v2\/users\/1"}],"replies":[{"embeddable":true,"href":"https:\/\/www.metacompliance.com\/es\/wp-json\/wp\/v2\/comments?post=107028"}],"version-history":[{"count":0,"href":"https:\/\/www.metacompliance.com\/es\/wp-json\/wp\/v2\/posts\/107028\/revisions"}],"wp:featuredmedia":[{"embeddable":true,"href":"https:\/\/www.metacompliance.com\/es\/wp-json\/wp\/v2\/media\/14112"}],"wp:attachment":[{"href":"https:\/\/www.metacompliance.com\/es\/wp-json\/wp\/v2\/media?parent=107028"}],"wp:term":[{"taxonomy":"category","embeddable":true,"href":"https:\/\/www.metacompliance.com\/es\/wp-json\/wp\/v2\/categories?post=107028"}],"curies":[{"name":"wp","href":"https:\/\/api.w.org\/{rel}","templated":true}]}}