{"id":96395,"date":"2025-03-06T18:35:00","date_gmt":"2025-03-06T17:35:00","guid":{"rendered":"https:\/\/metacomp.wpenginepowered.com\/info-hub\/sin-categoria\/metacompliance-appoints-andy-fielder-as-chief-technology-officer\/"},"modified":"2025-09-22T02:10:01","modified_gmt":"2025-09-22T01:10:01","slug":"metacompliance-nombra-a-andy-fielder-director-de-tecnologia","status":"publish","type":"post","link":"https:\/\/www.metacompliance.com\/es\/noticias\/metacompliance-nombra-a-andy-fielder-director-de-tecnologia","title":{"rendered":"MetaCompliance nombra a Andy Fielder Director de Tecnolog\u00eda"},"content":{"rendered":"&#13;\n<p>MetaCompliance se complace en dar la bienvenida a Andy Fielder como nuestro nuevo Director de Tecnolog\u00eda (CTO). Con una distinguida carrera de m\u00e1s de tres d\u00e9cadas en el liderazgo tecnol\u00f3gico, Andy aporta una gran experiencia en el impulso de la innovaci\u00f3n, la seguridad y la transformaci\u00f3n digital.   <\/p>&#13;\n&#13;\n<p>Andy se une a MetaCompliance tras un exitoso mandato como director de tecnolog\u00eda en BigChange, donde dirigi\u00f3 una importante transformaci\u00f3n tecnol\u00f3gica. Bajo su liderazgo, la empresa mejor\u00f3 su arquitectura, infraestructura y marcos de seguridad, reforzando el rendimiento y permitiendo un crecimiento significativo.   <\/p>&#13;\n&#13;\n<p>L\u00edder tecnol\u00f3gico de gran experiencia, Andy ha construido y escalado m\u00faltiples negocios SaaS respaldados por capital privado, obteniendo constantemente resultados impresionantes. Su experiencia en guiar a las empresas a trav\u00e9s de las etapas clave de inversi\u00f3n ha ayudado a impulsar el crecimiento, creando valor para los inversores, clientes y equipos por igual.   <\/p>&#13;\n&#13;\n<p>Andy aporta profundos conocimientos en metodolog\u00edas \u00e1giles, operaciones en la nube y ciberseguridad. A lo largo de su carrera, ha dirigido con \u00e9xito equipos a trav\u00e9s de fusiones y adquisiciones, arquitectura nativa en la nube, DevOps, estrategia t\u00e9cnica e innovaci\u00f3n de productos, lo que le convierte en un activo clave para el crecimiento continuo de MetaCompliance.   <\/p>&#13;\n&#13;\n<p>Su nombramiento llega en un momento emocionante, ya que MetaCompliance sigue expandi\u00e9ndose tras la inversi\u00f3n de <a href=\"https:\/\/keensight.com\/\">Keensight Capital<\/a>. Con Andy a bordo, estamos preparados para reforzar nuestra oferta de soluciones de <a href=\"https:\/\/www.metacompliance.com\/security-awareness-training\">formaci\u00f3n en concienciaci\u00f3n sobre seguridad<\/a>, mejorar nuestras capacidades de seguridad e impulsar la innovaci\u00f3n en el espacio de la ciberseguridad. <\/p>&#13;\n\r\n<figure class=\"wp-block-gallery has-nested-images columns-default is-cropped wp-block-gallery-1 is-layout-flex wp-block-gallery-is-layout-flex\">&#13;\n<figure class=\"wp-block-image size-large\"><img decoding=\"async\" data-id=\"22935\" class=\"wp-image-22935\" src=\"https:\/\/www.metacompliance.com\/wp-content\/uploads\/2025\/06\/MC_email_exclaimer_signature_600x150px-1-6.png\" alt=\"\"\/><\/figure>&#13;\n<\/figure>\r\n&#13;\n<p>\u00a0<\/p>&#13;\n","protected":false},"excerpt":{"rendered":"<p>&#13; MetaCompliance se complace en dar la bienvenida a Andy Fielder como nuestro nuevo Director de Tecnolog\u00eda (CTO). Con una distinguida carrera de m\u00e1s de tres d\u00e9cadas en el liderazgo &hellip; <a href=\"https:\/\/www.metacompliance.com\/es\/noticias\/metacompliance-nombra-a-andy-fielder-director-de-tecnologia\">Contin\u00faa<\/a><\/p>\n","protected":false},"author":1,"featured_media":85790,"comment_status":"closed","ping_status":"closed","sticky":false,"template":"","format":"standard","meta":{"_acf_changed":false,"content-type":"","_relevanssi_hide_post":"","_relevanssi_hide_content":"","_relevanssi_pin_for_all":"","_relevanssi_pin_keywords":"","_relevanssi_unpin_keywords":"","_relevanssi_related_keywords":"","_relevanssi_related_include_ids":"","_relevanssi_related_exclude_ids":"","_relevanssi_related_no_append":"","_relevanssi_related_not_related":"","_relevanssi_related_posts":"","_relevanssi_noindex_reason":"","inline_featured_image":false,"footnotes":""},"categories":[169],"class_list":["post-96395","post","type-post","status-publish","format-standard","has-post-thumbnail","hentry","category-noticias"],"acf":[],"yoast_head":"<!-- This site is optimized with the Yoast SEO plugin v27.4 - https:\/\/yoast.com\/product\/yoast-seo-wordpress\/ -->\n<title>MetaCompliance nombra a Andy Fielder Director de Tecnolog\u00eda - MetaCompliance<\/title>\n<meta name=\"robots\" content=\"index, follow, max-snippet:-1, max-image-preview:large, max-video-preview:-1\" \/>\n<link rel=\"canonical\" href=\"https:\/\/www.metacompliance.com\/es\/noticias\/metacompliance-nombra-a-andy-fielder-director-de-tecnologia\" \/>\n<meta property=\"og:locale\" content=\"es_ES\" \/>\n<meta property=\"og:type\" content=\"article\" \/>\n<meta property=\"og:title\" content=\"MetaCompliance nombra a Andy Fielder Director de Tecnolog\u00eda - MetaCompliance\" \/>\n<meta property=\"og:description\" content=\"&#013; MetaCompliance se complace en dar la bienvenida a Andy Fielder como nuestro nuevo Director de Tecnolog\u00eda (CTO). Con una distinguida carrera de m\u00e1s de tres d\u00e9cadas en el liderazgo &hellip; Contin\u00faa\" \/>\n<meta property=\"og:url\" content=\"https:\/\/www.metacompliance.com\/es\/noticias\/metacompliance-nombra-a-andy-fielder-director-de-tecnologia\" \/>\n<meta property=\"og:site_name\" content=\"MetaCompliance\" \/>\n<meta property=\"article:published_time\" content=\"2025-03-06T17:35:00+00:00\" \/>\n<meta property=\"article:modified_time\" content=\"2025-09-22T01:10:01+00:00\" \/>\n<meta property=\"og:image\" content=\"https:\/\/www.metacompliance.com\/wp-content\/uploads\/2025\/06\/CMG-3.png\" \/>\n\t<meta property=\"og:image:width\" content=\"1200\" \/>\n\t<meta property=\"og:image:height\" content=\"627\" \/>\n\t<meta property=\"og:image:type\" content=\"image\/png\" \/>\n<meta name=\"author\" content=\"Rouge\" \/>\n<meta name=\"twitter:card\" content=\"summary_large_image\" \/>\n<meta name=\"twitter:label1\" content=\"Written by\" \/>\n\t<meta name=\"twitter:data1\" content=\"Rouge\" \/>\n\t<meta name=\"twitter:label2\" content=\"Est. reading time\" \/>\n\t<meta name=\"twitter:data2\" content=\"1 minuto\" \/>\n<script type=\"application\/ld+json\" class=\"yoast-schema-graph\">{\"@context\":\"https:\\\/\\\/schema.org\",\"@graph\":[{\"@type\":\"Article\",\"@id\":\"https:\\\/\\\/www.metacompliance.com\\\/es\\\/noticias\\\/metacompliance-nombra-a-andy-fielder-director-de-tecnologia#article\",\"isPartOf\":{\"@id\":\"https:\\\/\\\/www.metacompliance.com\\\/es\\\/noticias\\\/metacompliance-nombra-a-andy-fielder-director-de-tecnologia\"},\"author\":{\"name\":\"Rouge\",\"@id\":\"https:\\\/\\\/www.metacompliance.com\\\/es#\\\/schema\\\/person\\\/fe1b1dd873af281510fb0ad5f3fb5b38\"},\"headline\":\"MetaCompliance nombra a Andy Fielder Director de Tecnolog\u00eda\",\"datePublished\":\"2025-03-06T17:35:00+00:00\",\"dateModified\":\"2025-09-22T01:10:01+00:00\",\"mainEntityOfPage\":{\"@id\":\"https:\\\/\\\/www.metacompliance.com\\\/es\\\/noticias\\\/metacompliance-nombra-a-andy-fielder-director-de-tecnologia\"},\"wordCount\":280,\"image\":{\"@id\":\"https:\\\/\\\/www.metacompliance.com\\\/es\\\/noticias\\\/metacompliance-nombra-a-andy-fielder-director-de-tecnologia#primaryimage\"},\"thumbnailUrl\":\"https:\\\/\\\/www.metacompliance.com\\\/wp-content\\\/uploads\\\/2025\\\/06\\\/CMG-3.png\",\"articleSection\":[\"Noticias de la empresa\"],\"inLanguage\":\"es\"},{\"@type\":\"WebPage\",\"@id\":\"https:\\\/\\\/www.metacompliance.com\\\/es\\\/noticias\\\/metacompliance-nombra-a-andy-fielder-director-de-tecnologia\",\"url\":\"https:\\\/\\\/www.metacompliance.com\\\/es\\\/noticias\\\/metacompliance-nombra-a-andy-fielder-director-de-tecnologia\",\"name\":\"MetaCompliance nombra a Andy Fielder Director de Tecnolog\u00eda - MetaCompliance\",\"isPartOf\":{\"@id\":\"https:\\\/\\\/www.metacompliance.com\\\/es#website\"},\"primaryImageOfPage\":{\"@id\":\"https:\\\/\\\/www.metacompliance.com\\\/es\\\/noticias\\\/metacompliance-nombra-a-andy-fielder-director-de-tecnologia#primaryimage\"},\"image\":{\"@id\":\"https:\\\/\\\/www.metacompliance.com\\\/es\\\/noticias\\\/metacompliance-nombra-a-andy-fielder-director-de-tecnologia#primaryimage\"},\"thumbnailUrl\":\"https:\\\/\\\/www.metacompliance.com\\\/wp-content\\\/uploads\\\/2025\\\/06\\\/CMG-3.png\",\"datePublished\":\"2025-03-06T17:35:00+00:00\",\"dateModified\":\"2025-09-22T01:10:01+00:00\",\"author\":{\"@id\":\"https:\\\/\\\/www.metacompliance.com\\\/es#\\\/schema\\\/person\\\/fe1b1dd873af281510fb0ad5f3fb5b38\"},\"breadcrumb\":{\"@id\":\"https:\\\/\\\/www.metacompliance.com\\\/es\\\/noticias\\\/metacompliance-nombra-a-andy-fielder-director-de-tecnologia#breadcrumb\"},\"inLanguage\":\"es\",\"potentialAction\":[{\"@type\":\"ReadAction\",\"target\":[\"https:\\\/\\\/www.metacompliance.com\\\/es\\\/noticias\\\/metacompliance-nombra-a-andy-fielder-director-de-tecnologia\"]}]},{\"@type\":\"ImageObject\",\"inLanguage\":\"es\",\"@id\":\"https:\\\/\\\/www.metacompliance.com\\\/es\\\/noticias\\\/metacompliance-nombra-a-andy-fielder-director-de-tecnologia#primaryimage\",\"url\":\"https:\\\/\\\/www.metacompliance.com\\\/wp-content\\\/uploads\\\/2025\\\/06\\\/CMG-3.png\",\"contentUrl\":\"https:\\\/\\\/www.metacompliance.com\\\/wp-content\\\/uploads\\\/2025\\\/06\\\/CMG-3.png\",\"width\":1200,\"height\":627,\"caption\":\"MetaCompliance nombra a Andy Fielder Director de Tecnolog\u00eda\"},{\"@type\":\"BreadcrumbList\",\"@id\":\"https:\\\/\\\/www.metacompliance.com\\\/es\\\/noticias\\\/metacompliance-nombra-a-andy-fielder-director-de-tecnologia#breadcrumb\",\"itemListElement\":[{\"@type\":\"ListItem\",\"position\":1,\"name\":\"Inicio\",\"item\":\"https:\\\/\\\/www.metacompliance.com\\\/es\"},{\"@type\":\"ListItem\",\"position\":2,\"name\":\"MetaCompliance nombra a Andy Fielder Director de Tecnolog\u00eda\"}]},{\"@type\":\"WebSite\",\"@id\":\"https:\\\/\\\/www.metacompliance.com\\\/es#website\",\"url\":\"https:\\\/\\\/www.metacompliance.com\\\/es\",\"name\":\"MetaCompliance\",\"description\":\"\",\"potentialAction\":[{\"@type\":\"SearchAction\",\"target\":{\"@type\":\"EntryPoint\",\"urlTemplate\":\"https:\\\/\\\/www.metacompliance.com\\\/es?s={search_term_string}\"},\"query-input\":{\"@type\":\"PropertyValueSpecification\",\"valueRequired\":true,\"valueName\":\"search_term_string\"}}],\"inLanguage\":\"es\"},{\"@type\":\"Person\",\"@id\":\"https:\\\/\\\/www.metacompliance.com\\\/es#\\\/schema\\\/person\\\/fe1b1dd873af281510fb0ad5f3fb5b38\",\"name\":\"Rouge\",\"image\":{\"@type\":\"ImageObject\",\"inLanguage\":\"es\",\"@id\":\"https:\\\/\\\/secure.gravatar.com\\\/avatar\\\/979d60cad2f4c478c3d73fbd41f1d4f30ab6a193ea6f9e91917d90c552707d6a?s=96&d=mm&r=g\",\"url\":\"https:\\\/\\\/secure.gravatar.com\\\/avatar\\\/979d60cad2f4c478c3d73fbd41f1d4f30ab6a193ea6f9e91917d90c552707d6a?s=96&d=mm&r=g\",\"contentUrl\":\"https:\\\/\\\/secure.gravatar.com\\\/avatar\\\/979d60cad2f4c478c3d73fbd41f1d4f30ab6a193ea6f9e91917d90c552707d6a?s=96&d=mm&r=g\",\"caption\":\"Rouge\"},\"sameAs\":[\"https:\\\/\\\/www.metacompliance.com\"]}]}<\/script>\n<!-- \/ Yoast SEO plugin. -->","yoast_head_json":{"title":"MetaCompliance nombra a Andy Fielder Director de Tecnolog\u00eda - MetaCompliance","robots":{"index":"index","follow":"follow","max-snippet":"max-snippet:-1","max-image-preview":"max-image-preview:large","max-video-preview":"max-video-preview:-1"},"canonical":"https:\/\/www.metacompliance.com\/es\/noticias\/metacompliance-nombra-a-andy-fielder-director-de-tecnologia","og_locale":"es_ES","og_type":"article","og_title":"MetaCompliance nombra a Andy Fielder Director de Tecnolog\u00eda - MetaCompliance","og_description":"&#13; MetaCompliance se complace en dar la bienvenida a Andy Fielder como nuestro nuevo Director de Tecnolog\u00eda (CTO). Con una distinguida carrera de m\u00e1s de tres d\u00e9cadas en el liderazgo &hellip; Contin\u00faa","og_url":"https:\/\/www.metacompliance.com\/es\/noticias\/metacompliance-nombra-a-andy-fielder-director-de-tecnologia","og_site_name":"MetaCompliance","article_published_time":"2025-03-06T17:35:00+00:00","article_modified_time":"2025-09-22T01:10:01+00:00","og_image":[{"width":1200,"height":627,"url":"https:\/\/www.metacompliance.com\/wp-content\/uploads\/2025\/06\/CMG-3.png","type":"image\/png"}],"author":"Rouge","twitter_card":"summary_large_image","twitter_misc":{"Written by":"Rouge","Est. reading time":"1 minuto"},"schema":{"@context":"https:\/\/schema.org","@graph":[{"@type":"Article","@id":"https:\/\/www.metacompliance.com\/es\/noticias\/metacompliance-nombra-a-andy-fielder-director-de-tecnologia#article","isPartOf":{"@id":"https:\/\/www.metacompliance.com\/es\/noticias\/metacompliance-nombra-a-andy-fielder-director-de-tecnologia"},"author":{"name":"Rouge","@id":"https:\/\/www.metacompliance.com\/es#\/schema\/person\/fe1b1dd873af281510fb0ad5f3fb5b38"},"headline":"MetaCompliance nombra a Andy Fielder Director de Tecnolog\u00eda","datePublished":"2025-03-06T17:35:00+00:00","dateModified":"2025-09-22T01:10:01+00:00","mainEntityOfPage":{"@id":"https:\/\/www.metacompliance.com\/es\/noticias\/metacompliance-nombra-a-andy-fielder-director-de-tecnologia"},"wordCount":280,"image":{"@id":"https:\/\/www.metacompliance.com\/es\/noticias\/metacompliance-nombra-a-andy-fielder-director-de-tecnologia#primaryimage"},"thumbnailUrl":"https:\/\/www.metacompliance.com\/wp-content\/uploads\/2025\/06\/CMG-3.png","articleSection":["Noticias de la empresa"],"inLanguage":"es"},{"@type":"WebPage","@id":"https:\/\/www.metacompliance.com\/es\/noticias\/metacompliance-nombra-a-andy-fielder-director-de-tecnologia","url":"https:\/\/www.metacompliance.com\/es\/noticias\/metacompliance-nombra-a-andy-fielder-director-de-tecnologia","name":"MetaCompliance nombra a Andy Fielder Director de Tecnolog\u00eda - MetaCompliance","isPartOf":{"@id":"https:\/\/www.metacompliance.com\/es#website"},"primaryImageOfPage":{"@id":"https:\/\/www.metacompliance.com\/es\/noticias\/metacompliance-nombra-a-andy-fielder-director-de-tecnologia#primaryimage"},"image":{"@id":"https:\/\/www.metacompliance.com\/es\/noticias\/metacompliance-nombra-a-andy-fielder-director-de-tecnologia#primaryimage"},"thumbnailUrl":"https:\/\/www.metacompliance.com\/wp-content\/uploads\/2025\/06\/CMG-3.png","datePublished":"2025-03-06T17:35:00+00:00","dateModified":"2025-09-22T01:10:01+00:00","author":{"@id":"https:\/\/www.metacompliance.com\/es#\/schema\/person\/fe1b1dd873af281510fb0ad5f3fb5b38"},"breadcrumb":{"@id":"https:\/\/www.metacompliance.com\/es\/noticias\/metacompliance-nombra-a-andy-fielder-director-de-tecnologia#breadcrumb"},"inLanguage":"es","potentialAction":[{"@type":"ReadAction","target":["https:\/\/www.metacompliance.com\/es\/noticias\/metacompliance-nombra-a-andy-fielder-director-de-tecnologia"]}]},{"@type":"ImageObject","inLanguage":"es","@id":"https:\/\/www.metacompliance.com\/es\/noticias\/metacompliance-nombra-a-andy-fielder-director-de-tecnologia#primaryimage","url":"https:\/\/www.metacompliance.com\/wp-content\/uploads\/2025\/06\/CMG-3.png","contentUrl":"https:\/\/www.metacompliance.com\/wp-content\/uploads\/2025\/06\/CMG-3.png","width":1200,"height":627,"caption":"MetaCompliance nombra a Andy Fielder Director de Tecnolog\u00eda"},{"@type":"BreadcrumbList","@id":"https:\/\/www.metacompliance.com\/es\/noticias\/metacompliance-nombra-a-andy-fielder-director-de-tecnologia#breadcrumb","itemListElement":[{"@type":"ListItem","position":1,"name":"Inicio","item":"https:\/\/www.metacompliance.com\/es"},{"@type":"ListItem","position":2,"name":"MetaCompliance nombra a Andy Fielder Director de Tecnolog\u00eda"}]},{"@type":"WebSite","@id":"https:\/\/www.metacompliance.com\/es#website","url":"https:\/\/www.metacompliance.com\/es","name":"MetaCompliance","description":"","potentialAction":[{"@type":"SearchAction","target":{"@type":"EntryPoint","urlTemplate":"https:\/\/www.metacompliance.com\/es?s={search_term_string}"},"query-input":{"@type":"PropertyValueSpecification","valueRequired":true,"valueName":"search_term_string"}}],"inLanguage":"es"},{"@type":"Person","@id":"https:\/\/www.metacompliance.com\/es#\/schema\/person\/fe1b1dd873af281510fb0ad5f3fb5b38","name":"Rouge","image":{"@type":"ImageObject","inLanguage":"es","@id":"https:\/\/secure.gravatar.com\/avatar\/979d60cad2f4c478c3d73fbd41f1d4f30ab6a193ea6f9e91917d90c552707d6a?s=96&d=mm&r=g","url":"https:\/\/secure.gravatar.com\/avatar\/979d60cad2f4c478c3d73fbd41f1d4f30ab6a193ea6f9e91917d90c552707d6a?s=96&d=mm&r=g","contentUrl":"https:\/\/secure.gravatar.com\/avatar\/979d60cad2f4c478c3d73fbd41f1d4f30ab6a193ea6f9e91917d90c552707d6a?s=96&d=mm&r=g","caption":"Rouge"},"sameAs":["https:\/\/www.metacompliance.com"]}]}},"_links":{"self":[{"href":"https:\/\/www.metacompliance.com\/es\/wp-json\/wp\/v2\/posts\/96395","targetHints":{"allow":["GET"]}}],"collection":[{"href":"https:\/\/www.metacompliance.com\/es\/wp-json\/wp\/v2\/posts"}],"about":[{"href":"https:\/\/www.metacompliance.com\/es\/wp-json\/wp\/v2\/types\/post"}],"author":[{"embeddable":true,"href":"https:\/\/www.metacompliance.com\/es\/wp-json\/wp\/v2\/users\/1"}],"replies":[{"embeddable":true,"href":"https:\/\/www.metacompliance.com\/es\/wp-json\/wp\/v2\/comments?post=96395"}],"version-history":[{"count":0,"href":"https:\/\/www.metacompliance.com\/es\/wp-json\/wp\/v2\/posts\/96395\/revisions"}],"wp:featuredmedia":[{"embeddable":true,"href":"https:\/\/www.metacompliance.com\/es\/wp-json\/wp\/v2\/media\/85790"}],"wp:attachment":[{"href":"https:\/\/www.metacompliance.com\/es\/wp-json\/wp\/v2\/media?parent=96395"}],"wp:term":[{"taxonomy":"category","embeddable":true,"href":"https:\/\/www.metacompliance.com\/es\/wp-json\/wp\/v2\/categories?post=96395"}],"curies":[{"name":"wp","href":"https:\/\/api.w.org\/{rel}","templated":true}]}}