{"id":107117,"date":"2013-04-15T09:50:00","date_gmt":"2013-04-15T08:50:00","guid":{"rendered":"https:\/\/metacomp.wpenginepowered.com\/non-classe\/advantage-2013-policy-management-system-launched-at-infosecurity-europe-2013"},"modified":"2025-09-22T02:18:08","modified_gmt":"2025-09-22T01:18:08","slug":"lancement-du-systeme-de-gestion-des-politiques-advantage-2013-a-loccasion-dinfosecurity-europe-2013","status":"publish","type":"post","link":"https:\/\/www.metacompliance.com\/fr\/actualites\/lancement-du-systeme-de-gestion-des-politiques-advantage-2013-a-loccasion-dinfosecurity-europe-2013","title":{"rendered":"Lancement du syst\u00e8me de gestion des politiques Advantage 2013\u2122 \u00e0 l&rsquo;occasion d&rsquo;InfoSecurity Europe 2013."},"content":{"rendered":"\n<p>MetaCompliance participera \u00e0 la 18e \u00e9dition de l&rsquo;\u00e9v\u00e9nement InfoSecurity Europe, qui se tiendra \u00e0 Earls Court, \u00e0 Londres, du 23 au 25 avril 2013. C&rsquo;est la septi\u00e8me ann\u00e9e que l&rsquo;entreprise participe \u00e0 cet \u00e9v\u00e9nement et le centre de d\u00e9veloppement est tr\u00e8s heureux d&rsquo;annoncer le lancement de la derni\u00e8re version de son populaire syst\u00e8me de gestion des politiques, Advantage 2013\u2122. Le principal moteur des fonctionnalit\u00e9s de cette version du produit provient de la base de clients de l&rsquo;entreprise. Destin\u00e9 aux entreprises, Advantage 2013\u2122 a \u00e9t\u00e9 cr\u00e9\u00e9 pour faire face aux environnements existants et \u00e0 la complexit\u00e9 que l&rsquo;on trouve dans les grandes organisations.   <\/p>\n\n<p>Advantage 2013\u2122 diff\u00e8re des autres syst\u00e8mes de gestion des politiques sur le march\u00e9 en raison de l&rsquo;interactivit\u00e9 int\u00e9gr\u00e9e avec l&rsquo;utilisateur, qui n\u00e9cessite peu, voire aucune action de la part de l&rsquo;utilisateur pour garantir une participation active. Les entreprises clientes qui ont utilis\u00e9 les produits MetaCompliance sur de grandes populations d&rsquo;utilisateurs et avec de multiples \u00e9l\u00e9ments de contenu ont besoin d&rsquo;une capacit\u00e9 sophistiqu\u00e9e pour g\u00e9rer les temps et la priorit\u00e9 du contenu fourni \u00e0 l&rsquo;utilisateur. Advantage 2013 offre cette fonctionnalit\u00e9.  <\/p>\n\n<p>Advantage 2013\u2122 a fait l&rsquo;objet d&rsquo;une refonte de ses fonctionnalit\u00e9s de reporting dans le cadre de l&rsquo;engagement continu de l&rsquo;entreprise en faveur de l&rsquo;innovation des produits. La pr\u00e9sentation de rapports aux comit\u00e9s de gouvernance de l&rsquo;information des organisations et la fourniture de preuves aux autorit\u00e9s de r\u00e9glementation n\u00e9cessitent des capacit\u00e9s de reporting comp\u00e9tentes. La fonctionnalit\u00e9 de reporting est plus facile \u00e0 utiliser et plus compl\u00e8te que jamais.  <\/p>\n\n<p>\u00ab\u00a0Advantage 2013\u2122, combin\u00e9 avec les produits MyCompliance\u00ae bas\u00e9s sur le Cloud, repr\u00e9sente la technologie la plus compressive disponible pour automatiser le domaine tr\u00e8s important des politiques, des proc\u00e9dures et de la formation en ligne au sein des organisations modernes\u00a0\u00bb, a d\u00e9clar\u00e9 M. Robert O&rsquo;Brien, directeur g\u00e9n\u00e9ral de Metacompliance. \u00ab\u00a0Les entreprises qui font face aux probl\u00e8mes li\u00e9s au manque de responsabilit\u00e9 et de sensibilisation des utilisateurs, ont maintenant besoin de solutions logicielles fonctionnelles qui att\u00e9nuent le risque d&rsquo;\u00e9chec en mati\u00e8re de conformit\u00e9\u00a0\u00bb. <\/p>\n\n<p>MetaCompliance sera pr\u00e9sent sur le stand K30, pourquoi ne pas venir voir notre gamme de produits et discuter de la fa\u00e7on dont MetaCompliance peut vous aider \u00e0 am\u00e9liorer la sensibilisation des utilisateurs. Nous avons un type de solution pour tout le monde. <\/p>\n","protected":false},"excerpt":{"rendered":"<p>MetaCompliance participera \u00e0 la 18e \u00e9dition de l&rsquo;\u00e9v\u00e9nement InfoSecurity Europe, qui se tiendra \u00e0 Earls Court, \u00e0 Londres, du 23 au 25 avril 2013. C&rsquo;est la septi\u00e8me ann\u00e9e que l&rsquo;entreprise &hellip; <a href=\"https:\/\/www.metacompliance.com\/fr\/actualites\/lancement-du-systeme-de-gestion-des-politiques-advantage-2013-a-loccasion-dinfosecurity-europe-2013\">Suite<\/a><\/p>\n","protected":false},"author":1,"featured_media":82809,"comment_status":"closed","ping_status":"closed","sticky":false,"template":"","format":"standard","meta":{"_acf_changed":false,"content-type":"","_relevanssi_hide_post":"","_relevanssi_hide_content":"","_relevanssi_pin_for_all":"","_relevanssi_pin_keywords":"","_relevanssi_unpin_keywords":"","_relevanssi_related_keywords":"","_relevanssi_related_include_ids":"","_relevanssi_related_exclude_ids":"","_relevanssi_related_no_append":"","_relevanssi_related_not_related":"","_relevanssi_related_posts":"","_relevanssi_noindex_reason":"","inline_featured_image":false,"footnotes":""},"categories":[177],"class_list":["post-107117","post","type-post","status-publish","format-standard","has-post-thumbnail","hentry","category-actualites"],"acf":[],"yoast_head":"<!-- This site is optimized with the Yoast SEO plugin v27.4 - https:\/\/yoast.com\/product\/yoast-seo-wordpress\/ -->\n<title>Lancement du syst\u00e8me de gestion des politiques Advantage 2013\u2122 \u00e0 l&#039;occasion d&#039;InfoSecurity Europe 2013. - MetaCompliance<\/title>\n<meta name=\"robots\" content=\"index, follow, max-snippet:-1, max-image-preview:large, max-video-preview:-1\" \/>\n<link rel=\"canonical\" href=\"https:\/\/www.metacompliance.com\/fr\/actualites\/lancement-du-systeme-de-gestion-des-politiques-advantage-2013-a-loccasion-dinfosecurity-europe-2013\" \/>\n<meta property=\"og:locale\" content=\"fr_FR\" \/>\n<meta property=\"og:type\" content=\"article\" \/>\n<meta property=\"og:title\" content=\"Lancement du syst\u00e8me de gestion des politiques Advantage 2013\u2122 \u00e0 l&#039;occasion d&#039;InfoSecurity Europe 2013. - MetaCompliance\" \/>\n<meta property=\"og:description\" content=\"MetaCompliance participera \u00e0 la 18e \u00e9dition de l&rsquo;\u00e9v\u00e9nement InfoSecurity Europe, qui se tiendra \u00e0 Earls Court, \u00e0 Londres, du 23 au 25 avril 2013. C&rsquo;est la septi\u00e8me ann\u00e9e que l&rsquo;entreprise &hellip; Suite\" \/>\n<meta property=\"og:url\" content=\"https:\/\/www.metacompliance.com\/fr\/actualites\/lancement-du-systeme-de-gestion-des-politiques-advantage-2013-a-loccasion-dinfosecurity-europe-2013\" \/>\n<meta property=\"og:site_name\" content=\"MetaCompliance\" \/>\n<meta property=\"article:published_time\" content=\"2013-04-15T08:50:00+00:00\" \/>\n<meta property=\"article:modified_time\" content=\"2025-09-22T01:18:08+00:00\" \/>\n<meta property=\"og:image\" content=\"https:\/\/www.metacompliance.com\/wp-content\/uploads\/2025\/06\/evangeline-shaw-VLkoOabAxqw-unsplash-1024x683.jpg\" \/>\n\t<meta property=\"og:image:width\" content=\"1024\" \/>\n\t<meta property=\"og:image:height\" content=\"683\" \/>\n\t<meta property=\"og:image:type\" content=\"image\/jpeg\" \/>\n<meta name=\"author\" content=\"Rouge\" \/>\n<meta name=\"twitter:card\" content=\"summary_large_image\" \/>\n<meta name=\"twitter:label1\" content=\"Written by\" \/>\n\t<meta name=\"twitter:data1\" content=\"Rouge\" \/>\n\t<meta name=\"twitter:label2\" content=\"Est. reading time\" \/>\n\t<meta name=\"twitter:data2\" content=\"2 minutes\" \/>\n<script type=\"application\/ld+json\" class=\"yoast-schema-graph\">{\"@context\":\"https:\\\/\\\/schema.org\",\"@graph\":[{\"@type\":\"Article\",\"@id\":\"https:\\\/\\\/www.metacompliance.com\\\/fr\\\/actualites\\\/lancement-du-systeme-de-gestion-des-politiques-advantage-2013-a-loccasion-dinfosecurity-europe-2013#article\",\"isPartOf\":{\"@id\":\"https:\\\/\\\/www.metacompliance.com\\\/fr\\\/actualites\\\/lancement-du-systeme-de-gestion-des-politiques-advantage-2013-a-loccasion-dinfosecurity-europe-2013\"},\"author\":{\"name\":\"Rouge\",\"@id\":\"https:\\\/\\\/www.metacompliance.com\\\/fr#\\\/schema\\\/person\\\/fe1b1dd873af281510fb0ad5f3fb5b38\"},\"headline\":\"Lancement du syst\u00e8me de gestion des politiques Advantage 2013\u2122 \u00e0 l&rsquo;occasion d&rsquo;InfoSecurity Europe 2013.\",\"datePublished\":\"2013-04-15T08:50:00+00:00\",\"dateModified\":\"2025-09-22T01:18:08+00:00\",\"mainEntityOfPage\":{\"@id\":\"https:\\\/\\\/www.metacompliance.com\\\/fr\\\/actualites\\\/lancement-du-systeme-de-gestion-des-politiques-advantage-2013-a-loccasion-dinfosecurity-europe-2013\"},\"wordCount\":428,\"image\":{\"@id\":\"https:\\\/\\\/www.metacompliance.com\\\/fr\\\/actualites\\\/lancement-du-systeme-de-gestion-des-politiques-advantage-2013-a-loccasion-dinfosecurity-europe-2013#primaryimage\"},\"thumbnailUrl\":\"https:\\\/\\\/www.metacompliance.com\\\/wp-content\\\/uploads\\\/2025\\\/06\\\/evangeline-shaw-VLkoOabAxqw-unsplash.jpg\",\"articleSection\":[\"Nouvelles de l'entreprise\"],\"inLanguage\":\"fr-FR\"},{\"@type\":\"WebPage\",\"@id\":\"https:\\\/\\\/www.metacompliance.com\\\/fr\\\/actualites\\\/lancement-du-systeme-de-gestion-des-politiques-advantage-2013-a-loccasion-dinfosecurity-europe-2013\",\"url\":\"https:\\\/\\\/www.metacompliance.com\\\/fr\\\/actualites\\\/lancement-du-systeme-de-gestion-des-politiques-advantage-2013-a-loccasion-dinfosecurity-europe-2013\",\"name\":\"Lancement du syst\u00e8me de gestion des politiques Advantage 2013\u2122 \u00e0 l'occasion d'InfoSecurity Europe 2013. - MetaCompliance\",\"isPartOf\":{\"@id\":\"https:\\\/\\\/www.metacompliance.com\\\/fr#website\"},\"primaryImageOfPage\":{\"@id\":\"https:\\\/\\\/www.metacompliance.com\\\/fr\\\/actualites\\\/lancement-du-systeme-de-gestion-des-politiques-advantage-2013-a-loccasion-dinfosecurity-europe-2013#primaryimage\"},\"image\":{\"@id\":\"https:\\\/\\\/www.metacompliance.com\\\/fr\\\/actualites\\\/lancement-du-systeme-de-gestion-des-politiques-advantage-2013-a-loccasion-dinfosecurity-europe-2013#primaryimage\"},\"thumbnailUrl\":\"https:\\\/\\\/www.metacompliance.com\\\/wp-content\\\/uploads\\\/2025\\\/06\\\/evangeline-shaw-VLkoOabAxqw-unsplash.jpg\",\"datePublished\":\"2013-04-15T08:50:00+00:00\",\"dateModified\":\"2025-09-22T01:18:08+00:00\",\"author\":{\"@id\":\"https:\\\/\\\/www.metacompliance.com\\\/fr#\\\/schema\\\/person\\\/fe1b1dd873af281510fb0ad5f3fb5b38\"},\"breadcrumb\":{\"@id\":\"https:\\\/\\\/www.metacompliance.com\\\/fr\\\/actualites\\\/lancement-du-systeme-de-gestion-des-politiques-advantage-2013-a-loccasion-dinfosecurity-europe-2013#breadcrumb\"},\"inLanguage\":\"fr-FR\",\"potentialAction\":[{\"@type\":\"ReadAction\",\"target\":[\"https:\\\/\\\/www.metacompliance.com\\\/fr\\\/actualites\\\/lancement-du-systeme-de-gestion-des-politiques-advantage-2013-a-loccasion-dinfosecurity-europe-2013\"]}]},{\"@type\":\"ImageObject\",\"inLanguage\":\"fr-FR\",\"@id\":\"https:\\\/\\\/www.metacompliance.com\\\/fr\\\/actualites\\\/lancement-du-systeme-de-gestion-des-politiques-advantage-2013-a-loccasion-dinfosecurity-europe-2013#primaryimage\",\"url\":\"https:\\\/\\\/www.metacompliance.com\\\/wp-content\\\/uploads\\\/2025\\\/06\\\/evangeline-shaw-VLkoOabAxqw-unsplash.jpg\",\"contentUrl\":\"https:\\\/\\\/www.metacompliance.com\\\/wp-content\\\/uploads\\\/2025\\\/06\\\/evangeline-shaw-VLkoOabAxqw-unsplash.jpg\",\"width\":8256,\"height\":5504,\"caption\":\"evangeline shaw VLkoOabAxqw unsplash\"},{\"@type\":\"BreadcrumbList\",\"@id\":\"https:\\\/\\\/www.metacompliance.com\\\/fr\\\/actualites\\\/lancement-du-systeme-de-gestion-des-politiques-advantage-2013-a-loccasion-dinfosecurity-europe-2013#breadcrumb\",\"itemListElement\":[{\"@type\":\"ListItem\",\"position\":1,\"name\":\"Accueil\",\"item\":\"https:\\\/\\\/www.metacompliance.com\\\/fr\"},{\"@type\":\"ListItem\",\"position\":2,\"name\":\"Lancement du syst\u00e8me de gestion des politiques Advantage 2013\u2122 \u00e0 l&#8217;occasion d&#8217;InfoSecurity Europe 2013.\"}]},{\"@type\":\"WebSite\",\"@id\":\"https:\\\/\\\/www.metacompliance.com\\\/fr#website\",\"url\":\"https:\\\/\\\/www.metacompliance.com\\\/fr\",\"name\":\"MetaCompliance\",\"description\":\"\",\"potentialAction\":[{\"@type\":\"SearchAction\",\"target\":{\"@type\":\"EntryPoint\",\"urlTemplate\":\"https:\\\/\\\/www.metacompliance.com\\\/fr?s={search_term_string}\"},\"query-input\":{\"@type\":\"PropertyValueSpecification\",\"valueRequired\":true,\"valueName\":\"search_term_string\"}}],\"inLanguage\":\"fr-FR\"},{\"@type\":\"Person\",\"@id\":\"https:\\\/\\\/www.metacompliance.com\\\/fr#\\\/schema\\\/person\\\/fe1b1dd873af281510fb0ad5f3fb5b38\",\"name\":\"Rouge\",\"image\":{\"@type\":\"ImageObject\",\"inLanguage\":\"fr-FR\",\"@id\":\"https:\\\/\\\/secure.gravatar.com\\\/avatar\\\/979d60cad2f4c478c3d73fbd41f1d4f30ab6a193ea6f9e91917d90c552707d6a?s=96&d=mm&r=g\",\"url\":\"https:\\\/\\\/secure.gravatar.com\\\/avatar\\\/979d60cad2f4c478c3d73fbd41f1d4f30ab6a193ea6f9e91917d90c552707d6a?s=96&d=mm&r=g\",\"contentUrl\":\"https:\\\/\\\/secure.gravatar.com\\\/avatar\\\/979d60cad2f4c478c3d73fbd41f1d4f30ab6a193ea6f9e91917d90c552707d6a?s=96&d=mm&r=g\",\"caption\":\"Rouge\"},\"sameAs\":[\"https:\\\/\\\/www.metacompliance.com\"]}]}<\/script>\n<!-- \/ Yoast SEO plugin. -->","yoast_head_json":{"title":"Lancement du syst\u00e8me de gestion des politiques Advantage 2013\u2122 \u00e0 l'occasion d'InfoSecurity Europe 2013. - MetaCompliance","robots":{"index":"index","follow":"follow","max-snippet":"max-snippet:-1","max-image-preview":"max-image-preview:large","max-video-preview":"max-video-preview:-1"},"canonical":"https:\/\/www.metacompliance.com\/fr\/actualites\/lancement-du-systeme-de-gestion-des-politiques-advantage-2013-a-loccasion-dinfosecurity-europe-2013","og_locale":"fr_FR","og_type":"article","og_title":"Lancement du syst\u00e8me de gestion des politiques Advantage 2013\u2122 \u00e0 l'occasion d'InfoSecurity Europe 2013. - MetaCompliance","og_description":"MetaCompliance participera \u00e0 la 18e \u00e9dition de l&rsquo;\u00e9v\u00e9nement InfoSecurity Europe, qui se tiendra \u00e0 Earls Court, \u00e0 Londres, du 23 au 25 avril 2013. C&rsquo;est la septi\u00e8me ann\u00e9e que l&rsquo;entreprise &hellip; Suite","og_url":"https:\/\/www.metacompliance.com\/fr\/actualites\/lancement-du-systeme-de-gestion-des-politiques-advantage-2013-a-loccasion-dinfosecurity-europe-2013","og_site_name":"MetaCompliance","article_published_time":"2013-04-15T08:50:00+00:00","article_modified_time":"2025-09-22T01:18:08+00:00","og_image":[{"width":1024,"height":683,"url":"https:\/\/www.metacompliance.com\/wp-content\/uploads\/2025\/06\/evangeline-shaw-VLkoOabAxqw-unsplash-1024x683.jpg","type":"image\/jpeg"}],"author":"Rouge","twitter_card":"summary_large_image","twitter_misc":{"Written by":"Rouge","Est. reading time":"2 minutes"},"schema":{"@context":"https:\/\/schema.org","@graph":[{"@type":"Article","@id":"https:\/\/www.metacompliance.com\/fr\/actualites\/lancement-du-systeme-de-gestion-des-politiques-advantage-2013-a-loccasion-dinfosecurity-europe-2013#article","isPartOf":{"@id":"https:\/\/www.metacompliance.com\/fr\/actualites\/lancement-du-systeme-de-gestion-des-politiques-advantage-2013-a-loccasion-dinfosecurity-europe-2013"},"author":{"name":"Rouge","@id":"https:\/\/www.metacompliance.com\/fr#\/schema\/person\/fe1b1dd873af281510fb0ad5f3fb5b38"},"headline":"Lancement du syst\u00e8me de gestion des politiques Advantage 2013\u2122 \u00e0 l&rsquo;occasion d&rsquo;InfoSecurity Europe 2013.","datePublished":"2013-04-15T08:50:00+00:00","dateModified":"2025-09-22T01:18:08+00:00","mainEntityOfPage":{"@id":"https:\/\/www.metacompliance.com\/fr\/actualites\/lancement-du-systeme-de-gestion-des-politiques-advantage-2013-a-loccasion-dinfosecurity-europe-2013"},"wordCount":428,"image":{"@id":"https:\/\/www.metacompliance.com\/fr\/actualites\/lancement-du-systeme-de-gestion-des-politiques-advantage-2013-a-loccasion-dinfosecurity-europe-2013#primaryimage"},"thumbnailUrl":"https:\/\/www.metacompliance.com\/wp-content\/uploads\/2025\/06\/evangeline-shaw-VLkoOabAxqw-unsplash.jpg","articleSection":["Nouvelles de l'entreprise"],"inLanguage":"fr-FR"},{"@type":"WebPage","@id":"https:\/\/www.metacompliance.com\/fr\/actualites\/lancement-du-systeme-de-gestion-des-politiques-advantage-2013-a-loccasion-dinfosecurity-europe-2013","url":"https:\/\/www.metacompliance.com\/fr\/actualites\/lancement-du-systeme-de-gestion-des-politiques-advantage-2013-a-loccasion-dinfosecurity-europe-2013","name":"Lancement du syst\u00e8me de gestion des politiques Advantage 2013\u2122 \u00e0 l'occasion d'InfoSecurity Europe 2013. - MetaCompliance","isPartOf":{"@id":"https:\/\/www.metacompliance.com\/fr#website"},"primaryImageOfPage":{"@id":"https:\/\/www.metacompliance.com\/fr\/actualites\/lancement-du-systeme-de-gestion-des-politiques-advantage-2013-a-loccasion-dinfosecurity-europe-2013#primaryimage"},"image":{"@id":"https:\/\/www.metacompliance.com\/fr\/actualites\/lancement-du-systeme-de-gestion-des-politiques-advantage-2013-a-loccasion-dinfosecurity-europe-2013#primaryimage"},"thumbnailUrl":"https:\/\/www.metacompliance.com\/wp-content\/uploads\/2025\/06\/evangeline-shaw-VLkoOabAxqw-unsplash.jpg","datePublished":"2013-04-15T08:50:00+00:00","dateModified":"2025-09-22T01:18:08+00:00","author":{"@id":"https:\/\/www.metacompliance.com\/fr#\/schema\/person\/fe1b1dd873af281510fb0ad5f3fb5b38"},"breadcrumb":{"@id":"https:\/\/www.metacompliance.com\/fr\/actualites\/lancement-du-systeme-de-gestion-des-politiques-advantage-2013-a-loccasion-dinfosecurity-europe-2013#breadcrumb"},"inLanguage":"fr-FR","potentialAction":[{"@type":"ReadAction","target":["https:\/\/www.metacompliance.com\/fr\/actualites\/lancement-du-systeme-de-gestion-des-politiques-advantage-2013-a-loccasion-dinfosecurity-europe-2013"]}]},{"@type":"ImageObject","inLanguage":"fr-FR","@id":"https:\/\/www.metacompliance.com\/fr\/actualites\/lancement-du-systeme-de-gestion-des-politiques-advantage-2013-a-loccasion-dinfosecurity-europe-2013#primaryimage","url":"https:\/\/www.metacompliance.com\/wp-content\/uploads\/2025\/06\/evangeline-shaw-VLkoOabAxqw-unsplash.jpg","contentUrl":"https:\/\/www.metacompliance.com\/wp-content\/uploads\/2025\/06\/evangeline-shaw-VLkoOabAxqw-unsplash.jpg","width":8256,"height":5504,"caption":"evangeline shaw VLkoOabAxqw unsplash"},{"@type":"BreadcrumbList","@id":"https:\/\/www.metacompliance.com\/fr\/actualites\/lancement-du-systeme-de-gestion-des-politiques-advantage-2013-a-loccasion-dinfosecurity-europe-2013#breadcrumb","itemListElement":[{"@type":"ListItem","position":1,"name":"Accueil","item":"https:\/\/www.metacompliance.com\/fr"},{"@type":"ListItem","position":2,"name":"Lancement du syst\u00e8me de gestion des politiques Advantage 2013\u2122 \u00e0 l&#8217;occasion d&#8217;InfoSecurity Europe 2013."}]},{"@type":"WebSite","@id":"https:\/\/www.metacompliance.com\/fr#website","url":"https:\/\/www.metacompliance.com\/fr","name":"MetaCompliance","description":"","potentialAction":[{"@type":"SearchAction","target":{"@type":"EntryPoint","urlTemplate":"https:\/\/www.metacompliance.com\/fr?s={search_term_string}"},"query-input":{"@type":"PropertyValueSpecification","valueRequired":true,"valueName":"search_term_string"}}],"inLanguage":"fr-FR"},{"@type":"Person","@id":"https:\/\/www.metacompliance.com\/fr#\/schema\/person\/fe1b1dd873af281510fb0ad5f3fb5b38","name":"Rouge","image":{"@type":"ImageObject","inLanguage":"fr-FR","@id":"https:\/\/secure.gravatar.com\/avatar\/979d60cad2f4c478c3d73fbd41f1d4f30ab6a193ea6f9e91917d90c552707d6a?s=96&d=mm&r=g","url":"https:\/\/secure.gravatar.com\/avatar\/979d60cad2f4c478c3d73fbd41f1d4f30ab6a193ea6f9e91917d90c552707d6a?s=96&d=mm&r=g","contentUrl":"https:\/\/secure.gravatar.com\/avatar\/979d60cad2f4c478c3d73fbd41f1d4f30ab6a193ea6f9e91917d90c552707d6a?s=96&d=mm&r=g","caption":"Rouge"},"sameAs":["https:\/\/www.metacompliance.com"]}]}},"_links":{"self":[{"href":"https:\/\/www.metacompliance.com\/fr\/wp-json\/wp\/v2\/posts\/107117","targetHints":{"allow":["GET"]}}],"collection":[{"href":"https:\/\/www.metacompliance.com\/fr\/wp-json\/wp\/v2\/posts"}],"about":[{"href":"https:\/\/www.metacompliance.com\/fr\/wp-json\/wp\/v2\/types\/post"}],"author":[{"embeddable":true,"href":"https:\/\/www.metacompliance.com\/fr\/wp-json\/wp\/v2\/users\/1"}],"replies":[{"embeddable":true,"href":"https:\/\/www.metacompliance.com\/fr\/wp-json\/wp\/v2\/comments?post=107117"}],"version-history":[{"count":0,"href":"https:\/\/www.metacompliance.com\/fr\/wp-json\/wp\/v2\/posts\/107117\/revisions"}],"wp:featuredmedia":[{"embeddable":true,"href":"https:\/\/www.metacompliance.com\/fr\/wp-json\/wp\/v2\/media\/82809"}],"wp:attachment":[{"href":"https:\/\/www.metacompliance.com\/fr\/wp-json\/wp\/v2\/media?parent=107117"}],"wp:term":[{"taxonomy":"category","embeddable":true,"href":"https:\/\/www.metacompliance.com\/fr\/wp-json\/wp\/v2\/categories?post=107117"}],"curies":[{"name":"wp","href":"https:\/\/api.w.org\/{rel}","templated":true}]}}