{"id":95802,"date":"2025-05-14T11:42:00","date_gmt":"2025-05-14T10:42:00","guid":{"rendered":"https:\/\/metacomp.wpenginepowered.com\/info-hub\/non-categorise\/best-training-programme-sc-awards-europe-2025\/"},"modified":"2025-09-22T02:09:01","modified_gmt":"2025-09-22T01:09:01","slug":"metacompliance-preselectionne-pour-le-meilleur-programme-de-formation-professionnelle-ou-de-certification-aux-sc-awards-europe","status":"publish","type":"post","link":"https:\/\/www.metacompliance.com\/fr\/actualites\/metacompliance-preselectionne-pour-le-meilleur-programme-de-formation-professionnelle-ou-de-certification-aux-sc-awards-europe","title":{"rendered":"MetaCompliance pr\u00e9s\u00e9lectionn\u00e9 pour le \u00ab\u00a0Meilleur programme de formation professionnelle ou de certification\u00a0\u00bb aux SC Awards Europe"},"content":{"rendered":"&#13;\n<p>MetaCompliance a \u00e9t\u00e9 s\u00e9lectionn\u00e9 pour le \u00a0\u00bb <em>Meilleur programme de formation professionnelle ou de certification\u00a0\u00bb<\/em> aux <a href=\"https:\/\/www.scawardseurope.com\/home\" target=\"_blank\" rel=\"noreferrer noopener\" data-type=\"link\" data-id=\"https:\/\/www.scawardseurope.com\/home\">SC Awards Europe<\/a> 2025.  <\/p>&#13;\n&#13;\n<p>Organis\u00e9s par SC Media, une autorit\u00e9 de confiance pour les professionnels de la cybers\u00e9curit\u00e9, les SC Awards r\u00e9compensent les r\u00e9alisations exceptionnelles dans des domaines critiques tels que la d\u00e9tection des menaces, la s\u00e9curit\u00e9 dans le nuage et le leadership dans l&rsquo;industrie. Les SC Awards Europe, qui en sont \u00e0 leur 28e \u00e9dition, sont le concours de cybers\u00e9curit\u00e9 le plus ancien et re\u00e7oivent des centaines de candidatures dans 33 cat\u00e9gories. Le fait d&rsquo;avoir \u00e9t\u00e9 nomm\u00e9 finaliste dans cette cat\u00e9gorie souligne l&rsquo;efficacit\u00e9 de notre approche personnalis\u00e9e et engageante de la formation \u00e0 la sensibilisation \u00e0 la cybers\u00e9curit\u00e9 et renforce notre mission qui consiste \u00e0 susciter un changement de comportement durable au sein des organisations.    <\/p>&#13;\n&#13;\n<p>MetaCompliance travaille avec des organisations du monde entier pour les aider \u00e0 r\u00e9duire les risques en engageant les employ\u00e9s dans des <a href=\"https:\/\/www.metacompliance.com\/blog\/cyber-security-awareness\/beyond-one-size-fits-all-personalised-security-awareness-training\" data-type=\"link\" data-id=\"https:\/\/www.metacompliance.com\/blog\/cyber-security-awareness\/beyond-one-size-fits-all-personalised-security-awareness-training\">formations cibl\u00e9es et personnalis\u00e9es<\/a> qui entra\u00eenent un r\u00e9el changement de comportement et r\u00e9duisent les risques humains. Notre plateforme est con\u00e7ue pour aller au-del\u00e0 de la formation de type \u00ab\u00a0tick-box\u00a0\u00bb. Il s&rsquo;agit de changer les comportements et d&rsquo;aider les gens \u00e0 prendre des d\u00e9cisions plus intelligentes en mati\u00e8re de s\u00e9curit\u00e9, chaque jour.    <\/p>&#13;\n&#13;\n<p>Nous sommes honor\u00e9s de figurer parmi les finalistes dans la cat\u00e9gorie \u00ab\u00a0Meilleur programme de formation ou de certification professionnelle\u00a0\u00bb des SC Awards\u00a0\u00bb, a d\u00e9clar\u00e9 James MacKay, PDG de MetaCompliance. \u00ab\u00a0Cette reconnaissance souligne notre engagement \u00e0 fournir des solutions de formation et de sensibilisation \u00e0 la cybers\u00e9curit\u00e9 sur mesure qui non seulement engagent les employ\u00e9s mais renforcent \u00e9galement la r\u00e9silience de l&rsquo;organisation. Le fait d&rsquo;\u00eatre pr\u00e9s\u00e9lectionn\u00e9 est une preuve \u00e9clatante du d\u00e9vouement et de l&rsquo;impact de notre \u00e9quipe dans ce domaine vital.\u00a0\u00bb   <\/p>&#13;\n&#13;\n<p>Les laur\u00e9ats seront annonc\u00e9s lors de la c\u00e9r\u00e9monie des SC Awards Europe 2025 \u00e0 Londres le 3 juin 2025.  <\/p>&#13;\n&#13;\n<p>Pour en savoir plus <a href=\"https:\/\/www.scawardseurope.com\/shortlist-2025\" target=\"_blank\" rel=\"noreferrer noopener\">: https:\/\/www.scawardseurope.com\/shortlist-2025<\/a>  <\/p>&#13;\n","protected":false},"excerpt":{"rendered":"<p>&#13; MetaCompliance a \u00e9t\u00e9 s\u00e9lectionn\u00e9 pour le \u00a0\u00bb Meilleur programme de formation professionnelle ou de certification\u00a0\u00bb aux SC Awards Europe 2025. &#13; &#13; Organis\u00e9s par SC Media, une autorit\u00e9 de &hellip; <a href=\"https:\/\/www.metacompliance.com\/fr\/actualites\/metacompliance-preselectionne-pour-le-meilleur-programme-de-formation-professionnelle-ou-de-certification-aux-sc-awards-europe\">Suite<\/a><\/p>\n","protected":false},"author":1,"featured_media":86200,"comment_status":"closed","ping_status":"closed","sticky":false,"template":"","format":"standard","meta":{"_acf_changed":false,"content-type":"","_relevanssi_hide_post":"","_relevanssi_hide_content":"","_relevanssi_pin_for_all":"","_relevanssi_pin_keywords":"","_relevanssi_unpin_keywords":"","_relevanssi_related_keywords":"","_relevanssi_related_include_ids":"","_relevanssi_related_exclude_ids":"","_relevanssi_related_no_append":"","_relevanssi_related_not_related":"","_relevanssi_related_posts":"","_relevanssi_noindex_reason":"","inline_featured_image":false,"footnotes":""},"categories":[177],"class_list":["post-95802","post","type-post","status-publish","format-standard","has-post-thumbnail","hentry","category-actualites"],"acf":[],"yoast_head":"<!-- This site is optimized with the Yoast SEO plugin v27.4 - https:\/\/yoast.com\/product\/yoast-seo-wordpress\/ -->\n<title>MetaCompliance pr\u00e9s\u00e9lectionn\u00e9 pour le &quot;Meilleur programme de formation professionnelle ou de certification&quot; aux SC Awards Europe - MetaCompliance<\/title>\n<meta name=\"robots\" content=\"index, follow, max-snippet:-1, max-image-preview:large, max-video-preview:-1\" \/>\n<link rel=\"canonical\" href=\"https:\/\/www.metacompliance.com\/fr\/actualites\/metacompliance-preselectionne-pour-le-meilleur-programme-de-formation-professionnelle-ou-de-certification-aux-sc-awards-europe\" \/>\n<meta property=\"og:locale\" content=\"fr_FR\" \/>\n<meta property=\"og:type\" content=\"article\" \/>\n<meta property=\"og:title\" content=\"MetaCompliance pr\u00e9s\u00e9lectionn\u00e9 pour le &quot;Meilleur programme de formation professionnelle ou de certification&quot; aux SC Awards Europe - MetaCompliance\" \/>\n<meta property=\"og:description\" content=\"&#013; MetaCompliance a \u00e9t\u00e9 s\u00e9lectionn\u00e9 pour le \u00a0\u00bb Meilleur programme de formation professionnelle ou de certification\u00a0\u00bb aux SC Awards Europe 2025. &#013; &#013; Organis\u00e9s par SC Media, une autorit\u00e9 de &hellip; Suite\" \/>\n<meta property=\"og:url\" content=\"https:\/\/www.metacompliance.com\/fr\/actualites\/metacompliance-preselectionne-pour-le-meilleur-programme-de-formation-professionnelle-ou-de-certification-aux-sc-awards-europe\" \/>\n<meta property=\"og:site_name\" content=\"MetaCompliance\" \/>\n<meta property=\"article:published_time\" content=\"2025-05-14T10:42:00+00:00\" \/>\n<meta property=\"article:modified_time\" content=\"2025-09-22T01:09:01+00:00\" \/>\n<meta property=\"og:image\" content=\"https:\/\/www.metacompliance.com\/wp-content\/uploads\/2025\/06\/SCAwards_Horiz_Color_SmallSpace.png\" \/>\n\t<meta property=\"og:image:width\" content=\"935\" \/>\n\t<meta property=\"og:image:height\" content=\"386\" \/>\n\t<meta property=\"og:image:type\" content=\"image\/png\" \/>\n<meta name=\"author\" content=\"Rouge\" \/>\n<meta name=\"twitter:card\" content=\"summary_large_image\" \/>\n<meta name=\"twitter:label1\" content=\"Written by\" \/>\n\t<meta name=\"twitter:data1\" content=\"Rouge\" \/>\n\t<meta name=\"twitter:label2\" content=\"Est. reading time\" \/>\n\t<meta name=\"twitter:data2\" content=\"2 minutes\" \/>\n<script type=\"application\/ld+json\" class=\"yoast-schema-graph\">{\"@context\":\"https:\\\/\\\/schema.org\",\"@graph\":[{\"@type\":\"Article\",\"@id\":\"https:\\\/\\\/www.metacompliance.com\\\/fr\\\/actualites\\\/metacompliance-preselectionne-pour-le-meilleur-programme-de-formation-professionnelle-ou-de-certification-aux-sc-awards-europe#article\",\"isPartOf\":{\"@id\":\"https:\\\/\\\/www.metacompliance.com\\\/fr\\\/actualites\\\/metacompliance-preselectionne-pour-le-meilleur-programme-de-formation-professionnelle-ou-de-certification-aux-sc-awards-europe\"},\"author\":{\"name\":\"Rouge\",\"@id\":\"https:\\\/\\\/www.metacompliance.com\\\/fr#\\\/schema\\\/person\\\/fe1b1dd873af281510fb0ad5f3fb5b38\"},\"headline\":\"MetaCompliance pr\u00e9s\u00e9lectionn\u00e9 pour le \u00ab\u00a0Meilleur programme de formation professionnelle ou de certification\u00a0\u00bb aux SC Awards Europe\",\"datePublished\":\"2025-05-14T10:42:00+00:00\",\"dateModified\":\"2025-09-22T01:09:01+00:00\",\"mainEntityOfPage\":{\"@id\":\"https:\\\/\\\/www.metacompliance.com\\\/fr\\\/actualites\\\/metacompliance-preselectionne-pour-le-meilleur-programme-de-formation-professionnelle-ou-de-certification-aux-sc-awards-europe\"},\"wordCount\":361,\"image\":{\"@id\":\"https:\\\/\\\/www.metacompliance.com\\\/fr\\\/actualites\\\/metacompliance-preselectionne-pour-le-meilleur-programme-de-formation-professionnelle-ou-de-certification-aux-sc-awards-europe#primaryimage\"},\"thumbnailUrl\":\"https:\\\/\\\/www.metacompliance.com\\\/wp-content\\\/uploads\\\/2025\\\/06\\\/SCAwards_Horiz_Color_SmallSpace.png\",\"articleSection\":[\"Nouvelles de l'entreprise\"],\"inLanguage\":\"fr-FR\"},{\"@type\":\"WebPage\",\"@id\":\"https:\\\/\\\/www.metacompliance.com\\\/fr\\\/actualites\\\/metacompliance-preselectionne-pour-le-meilleur-programme-de-formation-professionnelle-ou-de-certification-aux-sc-awards-europe\",\"url\":\"https:\\\/\\\/www.metacompliance.com\\\/fr\\\/actualites\\\/metacompliance-preselectionne-pour-le-meilleur-programme-de-formation-professionnelle-ou-de-certification-aux-sc-awards-europe\",\"name\":\"MetaCompliance pr\u00e9s\u00e9lectionn\u00e9 pour le \\\"Meilleur programme de formation professionnelle ou de certification\\\" aux SC Awards Europe - MetaCompliance\",\"isPartOf\":{\"@id\":\"https:\\\/\\\/www.metacompliance.com\\\/fr#website\"},\"primaryImageOfPage\":{\"@id\":\"https:\\\/\\\/www.metacompliance.com\\\/fr\\\/actualites\\\/metacompliance-preselectionne-pour-le-meilleur-programme-de-formation-professionnelle-ou-de-certification-aux-sc-awards-europe#primaryimage\"},\"image\":{\"@id\":\"https:\\\/\\\/www.metacompliance.com\\\/fr\\\/actualites\\\/metacompliance-preselectionne-pour-le-meilleur-programme-de-formation-professionnelle-ou-de-certification-aux-sc-awards-europe#primaryimage\"},\"thumbnailUrl\":\"https:\\\/\\\/www.metacompliance.com\\\/wp-content\\\/uploads\\\/2025\\\/06\\\/SCAwards_Horiz_Color_SmallSpace.png\",\"datePublished\":\"2025-05-14T10:42:00+00:00\",\"dateModified\":\"2025-09-22T01:09:01+00:00\",\"author\":{\"@id\":\"https:\\\/\\\/www.metacompliance.com\\\/fr#\\\/schema\\\/person\\\/fe1b1dd873af281510fb0ad5f3fb5b38\"},\"breadcrumb\":{\"@id\":\"https:\\\/\\\/www.metacompliance.com\\\/fr\\\/actualites\\\/metacompliance-preselectionne-pour-le-meilleur-programme-de-formation-professionnelle-ou-de-certification-aux-sc-awards-europe#breadcrumb\"},\"inLanguage\":\"fr-FR\",\"potentialAction\":[{\"@type\":\"ReadAction\",\"target\":[\"https:\\\/\\\/www.metacompliance.com\\\/fr\\\/actualites\\\/metacompliance-preselectionne-pour-le-meilleur-programme-de-formation-professionnelle-ou-de-certification-aux-sc-awards-europe\"]}]},{\"@type\":\"ImageObject\",\"inLanguage\":\"fr-FR\",\"@id\":\"https:\\\/\\\/www.metacompliance.com\\\/fr\\\/actualites\\\/metacompliance-preselectionne-pour-le-meilleur-programme-de-formation-professionnelle-ou-de-certification-aux-sc-awards-europe#primaryimage\",\"url\":\"https:\\\/\\\/www.metacompliance.com\\\/wp-content\\\/uploads\\\/2025\\\/06\\\/SCAwards_Horiz_Color_SmallSpace.png\",\"contentUrl\":\"https:\\\/\\\/www.metacompliance.com\\\/wp-content\\\/uploads\\\/2025\\\/06\\\/SCAwards_Horiz_Color_SmallSpace.png\",\"width\":935,\"height\":386,\"caption\":\"MetaCompliance pr\u00e9s\u00e9lectionn\u00e9 pour le SC Award Europe 2025\"},{\"@type\":\"BreadcrumbList\",\"@id\":\"https:\\\/\\\/www.metacompliance.com\\\/fr\\\/actualites\\\/metacompliance-preselectionne-pour-le-meilleur-programme-de-formation-professionnelle-ou-de-certification-aux-sc-awards-europe#breadcrumb\",\"itemListElement\":[{\"@type\":\"ListItem\",\"position\":1,\"name\":\"Accueil\",\"item\":\"https:\\\/\\\/www.metacompliance.com\\\/fr\"},{\"@type\":\"ListItem\",\"position\":2,\"name\":\"MetaCompliance pr\u00e9s\u00e9lectionn\u00e9 pour le \u00abMeilleur programme de formation professionnelle ou de certification\u00bb aux SC Awards Europe\"}]},{\"@type\":\"WebSite\",\"@id\":\"https:\\\/\\\/www.metacompliance.com\\\/fr#website\",\"url\":\"https:\\\/\\\/www.metacompliance.com\\\/fr\",\"name\":\"MetaCompliance\",\"description\":\"\",\"potentialAction\":[{\"@type\":\"SearchAction\",\"target\":{\"@type\":\"EntryPoint\",\"urlTemplate\":\"https:\\\/\\\/www.metacompliance.com\\\/fr?s={search_term_string}\"},\"query-input\":{\"@type\":\"PropertyValueSpecification\",\"valueRequired\":true,\"valueName\":\"search_term_string\"}}],\"inLanguage\":\"fr-FR\"},{\"@type\":\"Person\",\"@id\":\"https:\\\/\\\/www.metacompliance.com\\\/fr#\\\/schema\\\/person\\\/fe1b1dd873af281510fb0ad5f3fb5b38\",\"name\":\"Rouge\",\"image\":{\"@type\":\"ImageObject\",\"inLanguage\":\"fr-FR\",\"@id\":\"https:\\\/\\\/secure.gravatar.com\\\/avatar\\\/979d60cad2f4c478c3d73fbd41f1d4f30ab6a193ea6f9e91917d90c552707d6a?s=96&d=mm&r=g\",\"url\":\"https:\\\/\\\/secure.gravatar.com\\\/avatar\\\/979d60cad2f4c478c3d73fbd41f1d4f30ab6a193ea6f9e91917d90c552707d6a?s=96&d=mm&r=g\",\"contentUrl\":\"https:\\\/\\\/secure.gravatar.com\\\/avatar\\\/979d60cad2f4c478c3d73fbd41f1d4f30ab6a193ea6f9e91917d90c552707d6a?s=96&d=mm&r=g\",\"caption\":\"Rouge\"},\"sameAs\":[\"https:\\\/\\\/www.metacompliance.com\"]}]}<\/script>\n<!-- \/ Yoast SEO plugin. -->","yoast_head_json":{"title":"MetaCompliance pr\u00e9s\u00e9lectionn\u00e9 pour le \"Meilleur programme de formation professionnelle ou de certification\" aux SC Awards Europe - MetaCompliance","robots":{"index":"index","follow":"follow","max-snippet":"max-snippet:-1","max-image-preview":"max-image-preview:large","max-video-preview":"max-video-preview:-1"},"canonical":"https:\/\/www.metacompliance.com\/fr\/actualites\/metacompliance-preselectionne-pour-le-meilleur-programme-de-formation-professionnelle-ou-de-certification-aux-sc-awards-europe","og_locale":"fr_FR","og_type":"article","og_title":"MetaCompliance pr\u00e9s\u00e9lectionn\u00e9 pour le \"Meilleur programme de formation professionnelle ou de certification\" aux SC Awards Europe - MetaCompliance","og_description":"&#13; MetaCompliance a \u00e9t\u00e9 s\u00e9lectionn\u00e9 pour le \u00a0\u00bb Meilleur programme de formation professionnelle ou de certification\u00a0\u00bb aux SC Awards Europe 2025. &#13; &#13; Organis\u00e9s par SC Media, une autorit\u00e9 de &hellip; Suite","og_url":"https:\/\/www.metacompliance.com\/fr\/actualites\/metacompliance-preselectionne-pour-le-meilleur-programme-de-formation-professionnelle-ou-de-certification-aux-sc-awards-europe","og_site_name":"MetaCompliance","article_published_time":"2025-05-14T10:42:00+00:00","article_modified_time":"2025-09-22T01:09:01+00:00","og_image":[{"width":935,"height":386,"url":"https:\/\/www.metacompliance.com\/wp-content\/uploads\/2025\/06\/SCAwards_Horiz_Color_SmallSpace.png","type":"image\/png"}],"author":"Rouge","twitter_card":"summary_large_image","twitter_misc":{"Written by":"Rouge","Est. reading time":"2 minutes"},"schema":{"@context":"https:\/\/schema.org","@graph":[{"@type":"Article","@id":"https:\/\/www.metacompliance.com\/fr\/actualites\/metacompliance-preselectionne-pour-le-meilleur-programme-de-formation-professionnelle-ou-de-certification-aux-sc-awards-europe#article","isPartOf":{"@id":"https:\/\/www.metacompliance.com\/fr\/actualites\/metacompliance-preselectionne-pour-le-meilleur-programme-de-formation-professionnelle-ou-de-certification-aux-sc-awards-europe"},"author":{"name":"Rouge","@id":"https:\/\/www.metacompliance.com\/fr#\/schema\/person\/fe1b1dd873af281510fb0ad5f3fb5b38"},"headline":"MetaCompliance pr\u00e9s\u00e9lectionn\u00e9 pour le \u00ab\u00a0Meilleur programme de formation professionnelle ou de certification\u00a0\u00bb aux SC Awards Europe","datePublished":"2025-05-14T10:42:00+00:00","dateModified":"2025-09-22T01:09:01+00:00","mainEntityOfPage":{"@id":"https:\/\/www.metacompliance.com\/fr\/actualites\/metacompliance-preselectionne-pour-le-meilleur-programme-de-formation-professionnelle-ou-de-certification-aux-sc-awards-europe"},"wordCount":361,"image":{"@id":"https:\/\/www.metacompliance.com\/fr\/actualites\/metacompliance-preselectionne-pour-le-meilleur-programme-de-formation-professionnelle-ou-de-certification-aux-sc-awards-europe#primaryimage"},"thumbnailUrl":"https:\/\/www.metacompliance.com\/wp-content\/uploads\/2025\/06\/SCAwards_Horiz_Color_SmallSpace.png","articleSection":["Nouvelles de l'entreprise"],"inLanguage":"fr-FR"},{"@type":"WebPage","@id":"https:\/\/www.metacompliance.com\/fr\/actualites\/metacompliance-preselectionne-pour-le-meilleur-programme-de-formation-professionnelle-ou-de-certification-aux-sc-awards-europe","url":"https:\/\/www.metacompliance.com\/fr\/actualites\/metacompliance-preselectionne-pour-le-meilleur-programme-de-formation-professionnelle-ou-de-certification-aux-sc-awards-europe","name":"MetaCompliance pr\u00e9s\u00e9lectionn\u00e9 pour le \"Meilleur programme de formation professionnelle ou de certification\" aux SC Awards Europe - MetaCompliance","isPartOf":{"@id":"https:\/\/www.metacompliance.com\/fr#website"},"primaryImageOfPage":{"@id":"https:\/\/www.metacompliance.com\/fr\/actualites\/metacompliance-preselectionne-pour-le-meilleur-programme-de-formation-professionnelle-ou-de-certification-aux-sc-awards-europe#primaryimage"},"image":{"@id":"https:\/\/www.metacompliance.com\/fr\/actualites\/metacompliance-preselectionne-pour-le-meilleur-programme-de-formation-professionnelle-ou-de-certification-aux-sc-awards-europe#primaryimage"},"thumbnailUrl":"https:\/\/www.metacompliance.com\/wp-content\/uploads\/2025\/06\/SCAwards_Horiz_Color_SmallSpace.png","datePublished":"2025-05-14T10:42:00+00:00","dateModified":"2025-09-22T01:09:01+00:00","author":{"@id":"https:\/\/www.metacompliance.com\/fr#\/schema\/person\/fe1b1dd873af281510fb0ad5f3fb5b38"},"breadcrumb":{"@id":"https:\/\/www.metacompliance.com\/fr\/actualites\/metacompliance-preselectionne-pour-le-meilleur-programme-de-formation-professionnelle-ou-de-certification-aux-sc-awards-europe#breadcrumb"},"inLanguage":"fr-FR","potentialAction":[{"@type":"ReadAction","target":["https:\/\/www.metacompliance.com\/fr\/actualites\/metacompliance-preselectionne-pour-le-meilleur-programme-de-formation-professionnelle-ou-de-certification-aux-sc-awards-europe"]}]},{"@type":"ImageObject","inLanguage":"fr-FR","@id":"https:\/\/www.metacompliance.com\/fr\/actualites\/metacompliance-preselectionne-pour-le-meilleur-programme-de-formation-professionnelle-ou-de-certification-aux-sc-awards-europe#primaryimage","url":"https:\/\/www.metacompliance.com\/wp-content\/uploads\/2025\/06\/SCAwards_Horiz_Color_SmallSpace.png","contentUrl":"https:\/\/www.metacompliance.com\/wp-content\/uploads\/2025\/06\/SCAwards_Horiz_Color_SmallSpace.png","width":935,"height":386,"caption":"MetaCompliance pr\u00e9s\u00e9lectionn\u00e9 pour le SC Award Europe 2025"},{"@type":"BreadcrumbList","@id":"https:\/\/www.metacompliance.com\/fr\/actualites\/metacompliance-preselectionne-pour-le-meilleur-programme-de-formation-professionnelle-ou-de-certification-aux-sc-awards-europe#breadcrumb","itemListElement":[{"@type":"ListItem","position":1,"name":"Accueil","item":"https:\/\/www.metacompliance.com\/fr"},{"@type":"ListItem","position":2,"name":"MetaCompliance pr\u00e9s\u00e9lectionn\u00e9 pour le \u00abMeilleur programme de formation professionnelle ou de certification\u00bb aux SC Awards Europe"}]},{"@type":"WebSite","@id":"https:\/\/www.metacompliance.com\/fr#website","url":"https:\/\/www.metacompliance.com\/fr","name":"MetaCompliance","description":"","potentialAction":[{"@type":"SearchAction","target":{"@type":"EntryPoint","urlTemplate":"https:\/\/www.metacompliance.com\/fr?s={search_term_string}"},"query-input":{"@type":"PropertyValueSpecification","valueRequired":true,"valueName":"search_term_string"}}],"inLanguage":"fr-FR"},{"@type":"Person","@id":"https:\/\/www.metacompliance.com\/fr#\/schema\/person\/fe1b1dd873af281510fb0ad5f3fb5b38","name":"Rouge","image":{"@type":"ImageObject","inLanguage":"fr-FR","@id":"https:\/\/secure.gravatar.com\/avatar\/979d60cad2f4c478c3d73fbd41f1d4f30ab6a193ea6f9e91917d90c552707d6a?s=96&d=mm&r=g","url":"https:\/\/secure.gravatar.com\/avatar\/979d60cad2f4c478c3d73fbd41f1d4f30ab6a193ea6f9e91917d90c552707d6a?s=96&d=mm&r=g","contentUrl":"https:\/\/secure.gravatar.com\/avatar\/979d60cad2f4c478c3d73fbd41f1d4f30ab6a193ea6f9e91917d90c552707d6a?s=96&d=mm&r=g","caption":"Rouge"},"sameAs":["https:\/\/www.metacompliance.com"]}]}},"_links":{"self":[{"href":"https:\/\/www.metacompliance.com\/fr\/wp-json\/wp\/v2\/posts\/95802","targetHints":{"allow":["GET"]}}],"collection":[{"href":"https:\/\/www.metacompliance.com\/fr\/wp-json\/wp\/v2\/posts"}],"about":[{"href":"https:\/\/www.metacompliance.com\/fr\/wp-json\/wp\/v2\/types\/post"}],"author":[{"embeddable":true,"href":"https:\/\/www.metacompliance.com\/fr\/wp-json\/wp\/v2\/users\/1"}],"replies":[{"embeddable":true,"href":"https:\/\/www.metacompliance.com\/fr\/wp-json\/wp\/v2\/comments?post=95802"}],"version-history":[{"count":0,"href":"https:\/\/www.metacompliance.com\/fr\/wp-json\/wp\/v2\/posts\/95802\/revisions"}],"wp:featuredmedia":[{"embeddable":true,"href":"https:\/\/www.metacompliance.com\/fr\/wp-json\/wp\/v2\/media\/86200"}],"wp:attachment":[{"href":"https:\/\/www.metacompliance.com\/fr\/wp-json\/wp\/v2\/media?parent=95802"}],"wp:term":[{"taxonomy":"category","embeddable":true,"href":"https:\/\/www.metacompliance.com\/fr\/wp-json\/wp\/v2\/categories?post=95802"}],"curies":[{"name":"wp","href":"https:\/\/api.w.org\/{rel}","templated":true}]}}