{"id":95857,"date":"2025-02-27T13:46:00","date_gmt":"2025-02-27T12:46:00","guid":{"rendered":"https:\/\/metacomp.wpenginepowered.com\/info-hub\/non-categorise\/metacompliance-at-incyber-forum-europe-lille-2025\/"},"modified":"2025-09-22T02:10:17","modified_gmt":"2025-09-22T01:10:17","slug":"metacompliance-au-incyber-forum-lille-2025-renforcer-la-cyber-resilience","status":"publish","type":"post","link":"https:\/\/www.metacompliance.com\/fr\/actualites\/metacompliance-au-incyber-forum-lille-2025-renforcer-la-cyber-resilience","title":{"rendered":"MetaCompliance au InCyber Forum Lille 2025 : Renforcer la cyber-r\u00e9silience"},"content":{"rendered":"&#13;\n<p>Nous sommes ravis de vous annoncer que MetaCompliance sera pr\u00e9sent pour la premi\u00e8re fois \u00e0 <a href=\"https:\/\/europe.forum-incyber.com\/en\/home-en\/\" target=\"_blank\" rel=\"noreferrer noopener\">InCyber Forum<\/a> \u00e0 Lille ! L&rsquo;un des plus grands \u00e9v\u00e9nements europ\u00e9ens en mati\u00e8re de cybers\u00e9curit\u00e9, c&rsquo;est l&rsquo;endroit id\u00e9al pour se connecter avec les leaders de l&rsquo;industrie, partager des id\u00e9es et montrer comment nous aidons les organisations \u00e0 s&rsquo;attaquer au risque humain. <\/p>&#13;\n&#13;\n<h2 class=\"wp-block-heading\">Pourquoi le Forum InCyber Europe ?<\/h2>&#13;\n&#13;\n<p>Les cybermenaces progressent rapidement ! Pour garder une longueur d&rsquo;avance, il faut apprendre des meilleurs. Le Forum InCyber rassemble des experts du secteur, des professionnels de la s\u00e9curit\u00e9 et des entreprises d\u00e9sireuses de renforcer leurs d\u00e9fenses. En mettant l&rsquo;accent sur l&rsquo;innovation, la collaboration et la r\u00e9silience, c&rsquo;est une plateforme id\u00e9ale pour MetaCompliance de d\u00e9montrer comment nous rendons la sensibilisation \u00e0 la cybers\u00e9curit\u00e9 pratique, engageante et efficace.   <\/p>&#13;\n&#13;\n<h2 class=\"wp-block-heading\">Une \u00e9tape importante : Soutenu par Keensight Capital<\/h2>&#13;\n&#13;\n<p>Ceci arrive \u00e0 un moment passionnant pour MetaCompliance. Nous avons r\u00e9cemment obtenu l&rsquo;investissement de <a href=\"https:\/\/keensight.com\/\">Keensight Capital<\/a>, un gestionnaire de capital-investissement de premier plan d\u00e9di\u00e9 aux investissements paneurop\u00e9ens de type Growth Buyout et sp\u00e9cialis\u00e9 dans les entreprises technologiques et de sant\u00e9 \u00e0 croissance rentable - l&rsquo;une des principales soci\u00e9t\u00e9s fran\u00e7aises de capital-investissement sp\u00e9cialis\u00e9e dans les entreprises technologiques \u00e0 forte croissance. Ce partenariat soutient notre expansion \u00e0 travers l&rsquo;Europe et renforce notre engagement \u00e0 aider les organisations \u00e0 construire des cultures de s\u00e9curit\u00e9 plus fortes. Le Forum InCyber est l&rsquo;occasion id\u00e9ale de partager les prochaines \u00e9tapes de MetaCompliance.   <\/p>&#13;\n&#13;\n<h2 class=\"wp-block-heading\">Ce que vous pouvez attendre de MetaCompliance au Forum InCyber<\/h2>&#13;\n&#13;\n<p>Nous pr\u00e9senterons la mani\u00e8re dont nous aidons les entreprises \u00e0 r\u00e9duire les risques et \u00e0 am\u00e9liorer la sensibilisation \u00e0 la s\u00e9curit\u00e9 :<\/p>&#13;\n&#13;\n<p>\u2714 L&rsquo;avis d&rsquo;experts sur la gestion des <a href=\"https:\/\/www.metacompliance.com\/blog\/cyber-security-awareness\/human-risk-in-your-organisation\">risques humains<\/a> et le renforcement de la cyber-r\u00e9silience.<\/p>&#13;\n&#13;\n<p>\u2714 D\u00e9monstrations en direct de nos derni\u00e8res solutions en mati\u00e8re de sensibilisation et de conformit\u00e9.<\/p>&#13;\n&#13;\n<p>\u2714 Des discussions passionnantes sur la mani\u00e8re dont les entreprises peuvent rester \u00e0 la pointe des cybermenaces en constante \u00e9volution.<\/p>&#13;\n&#13;\n<h2 class=\"wp-block-heading\">Rejoignez-nous au stand E21 \u00e0 Lille !<\/h2>&#13;\n&#13;\n<p>Nous sommes impatients de rencontrer des professionnels de la cybers\u00e9curit\u00e9, des partenaires et des entreprises qui veulent rendre la sensibilisation \u00e0 la s\u00e9curit\u00e9 plus efficace. Que vous travailliez d\u00e9j\u00e0 avec nous ou que vous soyez simplement curieux de savoir comment MetaCompliance peut vous aider, prenons contact ! Rendez-nous visite au stand E21 du Forum InCyber !  <\/p>&#13;\n&#13;\n<p>Restez \u00e0 l&rsquo;\u00e9coute pour d&rsquo;autres mises \u00e0 jour - nous vous verrons \u00e0 Lille ! Inscrivez-vous <a href=\"https:\/\/europe.forum-incyber.com\/en\/registrations\/\" target=\"_blank\" rel=\"noreferrer noopener\">ici<\/a>! Pour r\u00e9server une d\u00e9monstration ou organiser une r\u00e9union avec l&rsquo;un de nos consultants, <a href=\"https:\/\/www.metacompliance.com\/company\/contact-metacompliance\">contactez-nous<\/a>. Restez au courant de nos plans et de nos mises \u00e0 jour pour l&rsquo;\u00e9v\u00e9nement en nous suivant sur <a href=\"https:\/\/www.linkedin.com\/company\/metacompliance\/\">LinkedIn<\/a> et <a href=\"https:\/\/www.instagram.com\/metacomplianceltd\/\">Instagram<\/a>.<\/p>&#13;\n<div class=\"wp-block-image\">&#13;\n<figure class=\"aligncenter size-large is-resized\"><a href=\"https:\/\/europe.forum-incyber.com\/inscriptions\/\"><img decoding=\"async\" class=\"wp-image-22440\" style=\"width: 840px; height: auto;\" src=\"https:\/\/www.metacompliance.com\/wp-content\/uploads\/2025\/06\/MC_email_exclaimer_signature_600x150px-1-4.png\" alt=\"Signature de l'exclamation de l'email MC 600x150px 1\"\/><\/a><\/figure>&#13;\n<\/div>&#13;\n<p>\u00a0<\/p>&#13;\n","protected":false},"excerpt":{"rendered":"<p>&#13; Nous sommes ravis de vous annoncer que MetaCompliance sera pr\u00e9sent pour la premi\u00e8re fois \u00e0 InCyber Forum \u00e0 Lille ! L&rsquo;un des plus grands \u00e9v\u00e9nements europ\u00e9ens en mati\u00e8re de &hellip; <a href=\"https:\/\/www.metacompliance.com\/fr\/actualites\/metacompliance-au-incyber-forum-lille-2025-renforcer-la-cyber-resilience\">Suite<\/a><\/p>\n","protected":false},"author":1,"featured_media":85698,"comment_status":"closed","ping_status":"closed","sticky":false,"template":"","format":"standard","meta":{"_acf_changed":false,"content-type":"","_relevanssi_hide_post":"","_relevanssi_hide_content":"","_relevanssi_pin_for_all":"","_relevanssi_pin_keywords":"","_relevanssi_unpin_keywords":"","_relevanssi_related_keywords":"","_relevanssi_related_include_ids":"","_relevanssi_related_exclude_ids":"","_relevanssi_related_no_append":"","_relevanssi_related_not_related":"","_relevanssi_related_posts":"","_relevanssi_noindex_reason":"","inline_featured_image":false,"footnotes":""},"categories":[177],"class_list":["post-95857","post","type-post","status-publish","format-standard","has-post-thumbnail","hentry","category-actualites"],"acf":[],"yoast_head":"<!-- This site is optimized with the Yoast SEO plugin v27.4 - https:\/\/yoast.com\/product\/yoast-seo-wordpress\/ -->\n<title>MetaCompliance au InCyber Forum Lille 2025 : Renforcer la cyber-r\u00e9silience - MetaCompliance<\/title>\n<meta name=\"robots\" content=\"index, follow, max-snippet:-1, max-image-preview:large, max-video-preview:-1\" \/>\n<link rel=\"canonical\" href=\"https:\/\/www.metacompliance.com\/fr\/actualites\/metacompliance-au-incyber-forum-lille-2025-renforcer-la-cyber-resilience\" \/>\n<meta property=\"og:locale\" content=\"fr_FR\" \/>\n<meta property=\"og:type\" content=\"article\" \/>\n<meta property=\"og:title\" content=\"MetaCompliance au InCyber Forum Lille 2025 : Renforcer la cyber-r\u00e9silience - MetaCompliance\" \/>\n<meta property=\"og:description\" content=\"&#013; Nous sommes ravis de vous annoncer que MetaCompliance sera pr\u00e9sent pour la premi\u00e8re fois \u00e0 InCyber Forum \u00e0 Lille ! L&rsquo;un des plus grands \u00e9v\u00e9nements europ\u00e9ens en mati\u00e8re de &hellip; Suite\" \/>\n<meta property=\"og:url\" content=\"https:\/\/www.metacompliance.com\/fr\/actualites\/metacompliance-au-incyber-forum-lille-2025-renforcer-la-cyber-resilience\" \/>\n<meta property=\"og:site_name\" content=\"MetaCompliance\" \/>\n<meta property=\"article:published_time\" content=\"2025-02-27T12:46:00+00:00\" \/>\n<meta property=\"article:modified_time\" content=\"2025-09-22T01:10:17+00:00\" \/>\n<meta property=\"og:image\" content=\"https:\/\/www.metacompliance.com\/wp-content\/uploads\/2025\/06\/MC_social_1080x1080px-1.png\" \/>\n\t<meta property=\"og:image:width\" content=\"1130\" \/>\n\t<meta property=\"og:image:height\" content=\"1081\" \/>\n\t<meta property=\"og:image:type\" content=\"image\/png\" \/>\n<meta name=\"author\" content=\"Rouge\" \/>\n<meta name=\"twitter:card\" content=\"summary_large_image\" \/>\n<meta name=\"twitter:label1\" content=\"Written by\" \/>\n\t<meta name=\"twitter:data1\" content=\"Rouge\" \/>\n\t<meta name=\"twitter:label2\" content=\"Est. reading time\" \/>\n\t<meta name=\"twitter:data2\" content=\"2 minutes\" \/>\n<script type=\"application\/ld+json\" class=\"yoast-schema-graph\">{\"@context\":\"https:\\\/\\\/schema.org\",\"@graph\":[{\"@type\":\"Article\",\"@id\":\"https:\\\/\\\/www.metacompliance.com\\\/fr\\\/actualites\\\/metacompliance-au-incyber-forum-lille-2025-renforcer-la-cyber-resilience#article\",\"isPartOf\":{\"@id\":\"https:\\\/\\\/www.metacompliance.com\\\/fr\\\/actualites\\\/metacompliance-au-incyber-forum-lille-2025-renforcer-la-cyber-resilience\"},\"author\":{\"name\":\"Rouge\",\"@id\":\"https:\\\/\\\/www.metacompliance.com\\\/fr#\\\/schema\\\/person\\\/fe1b1dd873af281510fb0ad5f3fb5b38\"},\"headline\":\"MetaCompliance au InCyber Forum Lille 2025 : Renforcer la cyber-r\u00e9silience\",\"datePublished\":\"2025-02-27T12:46:00+00:00\",\"dateModified\":\"2025-09-22T01:10:17+00:00\",\"mainEntityOfPage\":{\"@id\":\"https:\\\/\\\/www.metacompliance.com\\\/fr\\\/actualites\\\/metacompliance-au-incyber-forum-lille-2025-renforcer-la-cyber-resilience\"},\"wordCount\":468,\"image\":{\"@id\":\"https:\\\/\\\/www.metacompliance.com\\\/fr\\\/actualites\\\/metacompliance-au-incyber-forum-lille-2025-renforcer-la-cyber-resilience#primaryimage\"},\"thumbnailUrl\":\"https:\\\/\\\/www.metacompliance.com\\\/wp-content\\\/uploads\\\/2025\\\/06\\\/MC_social_1080x1080px-1.png\",\"articleSection\":[\"Nouvelles de l'entreprise\"],\"inLanguage\":\"fr-FR\"},{\"@type\":\"WebPage\",\"@id\":\"https:\\\/\\\/www.metacompliance.com\\\/fr\\\/actualites\\\/metacompliance-au-incyber-forum-lille-2025-renforcer-la-cyber-resilience\",\"url\":\"https:\\\/\\\/www.metacompliance.com\\\/fr\\\/actualites\\\/metacompliance-au-incyber-forum-lille-2025-renforcer-la-cyber-resilience\",\"name\":\"MetaCompliance au InCyber Forum Lille 2025 : Renforcer la cyber-r\u00e9silience - MetaCompliance\",\"isPartOf\":{\"@id\":\"https:\\\/\\\/www.metacompliance.com\\\/fr#website\"},\"primaryImageOfPage\":{\"@id\":\"https:\\\/\\\/www.metacompliance.com\\\/fr\\\/actualites\\\/metacompliance-au-incyber-forum-lille-2025-renforcer-la-cyber-resilience#primaryimage\"},\"image\":{\"@id\":\"https:\\\/\\\/www.metacompliance.com\\\/fr\\\/actualites\\\/metacompliance-au-incyber-forum-lille-2025-renforcer-la-cyber-resilience#primaryimage\"},\"thumbnailUrl\":\"https:\\\/\\\/www.metacompliance.com\\\/wp-content\\\/uploads\\\/2025\\\/06\\\/MC_social_1080x1080px-1.png\",\"datePublished\":\"2025-02-27T12:46:00+00:00\",\"dateModified\":\"2025-09-22T01:10:17+00:00\",\"author\":{\"@id\":\"https:\\\/\\\/www.metacompliance.com\\\/fr#\\\/schema\\\/person\\\/fe1b1dd873af281510fb0ad5f3fb5b38\"},\"breadcrumb\":{\"@id\":\"https:\\\/\\\/www.metacompliance.com\\\/fr\\\/actualites\\\/metacompliance-au-incyber-forum-lille-2025-renforcer-la-cyber-resilience#breadcrumb\"},\"inLanguage\":\"fr-FR\",\"potentialAction\":[{\"@type\":\"ReadAction\",\"target\":[\"https:\\\/\\\/www.metacompliance.com\\\/fr\\\/actualites\\\/metacompliance-au-incyber-forum-lille-2025-renforcer-la-cyber-resilience\"]}]},{\"@type\":\"ImageObject\",\"inLanguage\":\"fr-FR\",\"@id\":\"https:\\\/\\\/www.metacompliance.com\\\/fr\\\/actualites\\\/metacompliance-au-incyber-forum-lille-2025-renforcer-la-cyber-resilience#primaryimage\",\"url\":\"https:\\\/\\\/www.metacompliance.com\\\/wp-content\\\/uploads\\\/2025\\\/06\\\/MC_social_1080x1080px-1.png\",\"contentUrl\":\"https:\\\/\\\/www.metacompliance.com\\\/wp-content\\\/uploads\\\/2025\\\/06\\\/MC_social_1080x1080px-1.png\",\"width\":1130,\"height\":1081,\"caption\":\"MetaCompliance au InCyber Forum Lille 2025 : Renforcer la cyber-r\u00e9silience\"},{\"@type\":\"BreadcrumbList\",\"@id\":\"https:\\\/\\\/www.metacompliance.com\\\/fr\\\/actualites\\\/metacompliance-au-incyber-forum-lille-2025-renforcer-la-cyber-resilience#breadcrumb\",\"itemListElement\":[{\"@type\":\"ListItem\",\"position\":1,\"name\":\"Accueil\",\"item\":\"https:\\\/\\\/www.metacompliance.com\\\/fr\"},{\"@type\":\"ListItem\",\"position\":2,\"name\":\"MetaCompliance au InCyber Forum Lille 2025 : Renforcer la cyber-r\u00e9silience\"}]},{\"@type\":\"WebSite\",\"@id\":\"https:\\\/\\\/www.metacompliance.com\\\/fr#website\",\"url\":\"https:\\\/\\\/www.metacompliance.com\\\/fr\",\"name\":\"MetaCompliance\",\"description\":\"\",\"potentialAction\":[{\"@type\":\"SearchAction\",\"target\":{\"@type\":\"EntryPoint\",\"urlTemplate\":\"https:\\\/\\\/www.metacompliance.com\\\/fr?s={search_term_string}\"},\"query-input\":{\"@type\":\"PropertyValueSpecification\",\"valueRequired\":true,\"valueName\":\"search_term_string\"}}],\"inLanguage\":\"fr-FR\"},{\"@type\":\"Person\",\"@id\":\"https:\\\/\\\/www.metacompliance.com\\\/fr#\\\/schema\\\/person\\\/fe1b1dd873af281510fb0ad5f3fb5b38\",\"name\":\"Rouge\",\"image\":{\"@type\":\"ImageObject\",\"inLanguage\":\"fr-FR\",\"@id\":\"https:\\\/\\\/secure.gravatar.com\\\/avatar\\\/979d60cad2f4c478c3d73fbd41f1d4f30ab6a193ea6f9e91917d90c552707d6a?s=96&d=mm&r=g\",\"url\":\"https:\\\/\\\/secure.gravatar.com\\\/avatar\\\/979d60cad2f4c478c3d73fbd41f1d4f30ab6a193ea6f9e91917d90c552707d6a?s=96&d=mm&r=g\",\"contentUrl\":\"https:\\\/\\\/secure.gravatar.com\\\/avatar\\\/979d60cad2f4c478c3d73fbd41f1d4f30ab6a193ea6f9e91917d90c552707d6a?s=96&d=mm&r=g\",\"caption\":\"Rouge\"},\"sameAs\":[\"https:\\\/\\\/www.metacompliance.com\"]}]}<\/script>\n<!-- \/ Yoast SEO plugin. -->","yoast_head_json":{"title":"MetaCompliance au InCyber Forum Lille 2025 : Renforcer la cyber-r\u00e9silience - MetaCompliance","robots":{"index":"index","follow":"follow","max-snippet":"max-snippet:-1","max-image-preview":"max-image-preview:large","max-video-preview":"max-video-preview:-1"},"canonical":"https:\/\/www.metacompliance.com\/fr\/actualites\/metacompliance-au-incyber-forum-lille-2025-renforcer-la-cyber-resilience","og_locale":"fr_FR","og_type":"article","og_title":"MetaCompliance au InCyber Forum Lille 2025 : Renforcer la cyber-r\u00e9silience - MetaCompliance","og_description":"&#13; Nous sommes ravis de vous annoncer que MetaCompliance sera pr\u00e9sent pour la premi\u00e8re fois \u00e0 InCyber Forum \u00e0 Lille ! L&rsquo;un des plus grands \u00e9v\u00e9nements europ\u00e9ens en mati\u00e8re de &hellip; Suite","og_url":"https:\/\/www.metacompliance.com\/fr\/actualites\/metacompliance-au-incyber-forum-lille-2025-renforcer-la-cyber-resilience","og_site_name":"MetaCompliance","article_published_time":"2025-02-27T12:46:00+00:00","article_modified_time":"2025-09-22T01:10:17+00:00","og_image":[{"width":1130,"height":1081,"url":"https:\/\/www.metacompliance.com\/wp-content\/uploads\/2025\/06\/MC_social_1080x1080px-1.png","type":"image\/png"}],"author":"Rouge","twitter_card":"summary_large_image","twitter_misc":{"Written by":"Rouge","Est. reading time":"2 minutes"},"schema":{"@context":"https:\/\/schema.org","@graph":[{"@type":"Article","@id":"https:\/\/www.metacompliance.com\/fr\/actualites\/metacompliance-au-incyber-forum-lille-2025-renforcer-la-cyber-resilience#article","isPartOf":{"@id":"https:\/\/www.metacompliance.com\/fr\/actualites\/metacompliance-au-incyber-forum-lille-2025-renforcer-la-cyber-resilience"},"author":{"name":"Rouge","@id":"https:\/\/www.metacompliance.com\/fr#\/schema\/person\/fe1b1dd873af281510fb0ad5f3fb5b38"},"headline":"MetaCompliance au InCyber Forum Lille 2025 : Renforcer la cyber-r\u00e9silience","datePublished":"2025-02-27T12:46:00+00:00","dateModified":"2025-09-22T01:10:17+00:00","mainEntityOfPage":{"@id":"https:\/\/www.metacompliance.com\/fr\/actualites\/metacompliance-au-incyber-forum-lille-2025-renforcer-la-cyber-resilience"},"wordCount":468,"image":{"@id":"https:\/\/www.metacompliance.com\/fr\/actualites\/metacompliance-au-incyber-forum-lille-2025-renforcer-la-cyber-resilience#primaryimage"},"thumbnailUrl":"https:\/\/www.metacompliance.com\/wp-content\/uploads\/2025\/06\/MC_social_1080x1080px-1.png","articleSection":["Nouvelles de l'entreprise"],"inLanguage":"fr-FR"},{"@type":"WebPage","@id":"https:\/\/www.metacompliance.com\/fr\/actualites\/metacompliance-au-incyber-forum-lille-2025-renforcer-la-cyber-resilience","url":"https:\/\/www.metacompliance.com\/fr\/actualites\/metacompliance-au-incyber-forum-lille-2025-renforcer-la-cyber-resilience","name":"MetaCompliance au InCyber Forum Lille 2025 : Renforcer la cyber-r\u00e9silience - MetaCompliance","isPartOf":{"@id":"https:\/\/www.metacompliance.com\/fr#website"},"primaryImageOfPage":{"@id":"https:\/\/www.metacompliance.com\/fr\/actualites\/metacompliance-au-incyber-forum-lille-2025-renforcer-la-cyber-resilience#primaryimage"},"image":{"@id":"https:\/\/www.metacompliance.com\/fr\/actualites\/metacompliance-au-incyber-forum-lille-2025-renforcer-la-cyber-resilience#primaryimage"},"thumbnailUrl":"https:\/\/www.metacompliance.com\/wp-content\/uploads\/2025\/06\/MC_social_1080x1080px-1.png","datePublished":"2025-02-27T12:46:00+00:00","dateModified":"2025-09-22T01:10:17+00:00","author":{"@id":"https:\/\/www.metacompliance.com\/fr#\/schema\/person\/fe1b1dd873af281510fb0ad5f3fb5b38"},"breadcrumb":{"@id":"https:\/\/www.metacompliance.com\/fr\/actualites\/metacompliance-au-incyber-forum-lille-2025-renforcer-la-cyber-resilience#breadcrumb"},"inLanguage":"fr-FR","potentialAction":[{"@type":"ReadAction","target":["https:\/\/www.metacompliance.com\/fr\/actualites\/metacompliance-au-incyber-forum-lille-2025-renforcer-la-cyber-resilience"]}]},{"@type":"ImageObject","inLanguage":"fr-FR","@id":"https:\/\/www.metacompliance.com\/fr\/actualites\/metacompliance-au-incyber-forum-lille-2025-renforcer-la-cyber-resilience#primaryimage","url":"https:\/\/www.metacompliance.com\/wp-content\/uploads\/2025\/06\/MC_social_1080x1080px-1.png","contentUrl":"https:\/\/www.metacompliance.com\/wp-content\/uploads\/2025\/06\/MC_social_1080x1080px-1.png","width":1130,"height":1081,"caption":"MetaCompliance au InCyber Forum Lille 2025 : Renforcer la cyber-r\u00e9silience"},{"@type":"BreadcrumbList","@id":"https:\/\/www.metacompliance.com\/fr\/actualites\/metacompliance-au-incyber-forum-lille-2025-renforcer-la-cyber-resilience#breadcrumb","itemListElement":[{"@type":"ListItem","position":1,"name":"Accueil","item":"https:\/\/www.metacompliance.com\/fr"},{"@type":"ListItem","position":2,"name":"MetaCompliance au InCyber Forum Lille 2025 : Renforcer la cyber-r\u00e9silience"}]},{"@type":"WebSite","@id":"https:\/\/www.metacompliance.com\/fr#website","url":"https:\/\/www.metacompliance.com\/fr","name":"MetaCompliance","description":"","potentialAction":[{"@type":"SearchAction","target":{"@type":"EntryPoint","urlTemplate":"https:\/\/www.metacompliance.com\/fr?s={search_term_string}"},"query-input":{"@type":"PropertyValueSpecification","valueRequired":true,"valueName":"search_term_string"}}],"inLanguage":"fr-FR"},{"@type":"Person","@id":"https:\/\/www.metacompliance.com\/fr#\/schema\/person\/fe1b1dd873af281510fb0ad5f3fb5b38","name":"Rouge","image":{"@type":"ImageObject","inLanguage":"fr-FR","@id":"https:\/\/secure.gravatar.com\/avatar\/979d60cad2f4c478c3d73fbd41f1d4f30ab6a193ea6f9e91917d90c552707d6a?s=96&d=mm&r=g","url":"https:\/\/secure.gravatar.com\/avatar\/979d60cad2f4c478c3d73fbd41f1d4f30ab6a193ea6f9e91917d90c552707d6a?s=96&d=mm&r=g","contentUrl":"https:\/\/secure.gravatar.com\/avatar\/979d60cad2f4c478c3d73fbd41f1d4f30ab6a193ea6f9e91917d90c552707d6a?s=96&d=mm&r=g","caption":"Rouge"},"sameAs":["https:\/\/www.metacompliance.com"]}]}},"_links":{"self":[{"href":"https:\/\/www.metacompliance.com\/fr\/wp-json\/wp\/v2\/posts\/95857","targetHints":{"allow":["GET"]}}],"collection":[{"href":"https:\/\/www.metacompliance.com\/fr\/wp-json\/wp\/v2\/posts"}],"about":[{"href":"https:\/\/www.metacompliance.com\/fr\/wp-json\/wp\/v2\/types\/post"}],"author":[{"embeddable":true,"href":"https:\/\/www.metacompliance.com\/fr\/wp-json\/wp\/v2\/users\/1"}],"replies":[{"embeddable":true,"href":"https:\/\/www.metacompliance.com\/fr\/wp-json\/wp\/v2\/comments?post=95857"}],"version-history":[{"count":0,"href":"https:\/\/www.metacompliance.com\/fr\/wp-json\/wp\/v2\/posts\/95857\/revisions"}],"wp:featuredmedia":[{"embeddable":true,"href":"https:\/\/www.metacompliance.com\/fr\/wp-json\/wp\/v2\/media\/85698"}],"wp:attachment":[{"href":"https:\/\/www.metacompliance.com\/fr\/wp-json\/wp\/v2\/media?parent=95857"}],"wp:term":[{"taxonomy":"category","embeddable":true,"href":"https:\/\/www.metacompliance.com\/fr\/wp-json\/wp\/v2\/categories?post=95857"}],"curies":[{"name":"wp","href":"https:\/\/api.w.org\/{rel}","templated":true}]}}