{"id":95927,"date":"2025-02-27T13:46:00","date_gmt":"2025-02-27T12:46:00","guid":{"rendered":"https:\/\/metacomp.wpenginepowered.com\/info-hub\/uncategorized-pt\/metacompliance-at-incyber-forum-europe-lille-2025\/"},"modified":"2025-09-22T02:10:20","modified_gmt":"2025-09-22T01:10:20","slug":"metacompliance-no-incyber-forum-lille-2025-reforcar-a-ciber-resiliencia","status":"publish","type":"post","link":"https:\/\/www.metacompliance.com\/pt\/noticias\/metacompliance-no-incyber-forum-lille-2025-reforcar-a-ciber-resiliencia","title":{"rendered":"MetaCompliance no InCyber Forum Lille 2025: Refor\u00e7ar a ciber-resili\u00eancia"},"content":{"rendered":"&#13;\n<p>Temos o prazer de anunciar que a MetaCompliance estar\u00e1 presente no <a href=\"https:\/\/europe.forum-incyber.com\/en\/home-en\/\" target=\"_blank\" rel=\"noreferrer noopener\">InCyber Forum<\/a> em Lille pela primeira vez! Como um dos maiores eventos de seguran\u00e7a cibern\u00e9tica da Europa, \u00e9 o lugar perfeito para se conectar com l\u00edderes do setor, compartilhar insights e mostrar como ajudamos as organiza\u00e7\u00f5es a enfrentar o risco humano. <\/p>&#13;\n&#13;\n<h2 class=\"wp-block-heading\">Porqu\u00ea o InCyber Forum Europe?<\/h2>&#13;\n&#13;\n<p>As amea\u00e7as cibern\u00e9ticas est\u00e3o a avan\u00e7ar rapidamente! Para te manteres na vanguarda, tens de aprender com os melhores. O F\u00f3rum InCyber re\u00fane especialistas do sector, profissionais de seguran\u00e7a e empresas que procuram refor\u00e7ar as suas defesas. Com um enfoque na inova\u00e7\u00e3o, colabora\u00e7\u00e3o e resili\u00eancia, \u00e9 uma plataforma ideal para a MetaCompliance demonstrar como tornamos a sensibiliza\u00e7\u00e3o para a ciberseguran\u00e7a pr\u00e1tica, envolvente e eficaz.   <\/p>&#13;\n&#13;\n<h2 class=\"wp-block-heading\">Um marco importante: Apoiado pela Keensight Capital<\/h2>&#13;\n&#13;\n<p>Este \u00e9 um momento empolgante para a MetaCompliance. Recentemente, assegur\u00e1mos o investimento da <a href=\"https:\/\/keensight.com\/\">Keensight Capital<\/a>, um dos principais gestores de capitais privados dedicados a investimentos pan-europeus de aquisi\u00e7\u00e3o de crescimento e especializado em empresas tecnol\u00f3gicas e de cuidados de sa\u00fade com crescimento rent\u00e1vel, uma das principais empresas francesas de capitais privados especializada em empresas tecnol\u00f3gicas de elevado crescimento. Esta parceria apoia a nossa expans\u00e3o na Europa e refor\u00e7a o nosso empenho em ajudar as organiza\u00e7\u00f5es a desenvolver culturas de seguran\u00e7a mais fortes. O InCyber Forum \u00e9 a oportunidade perfeita para partilhar o que se segue para a MetaCompliance.   <\/p>&#13;\n&#13;\n<h2 class=\"wp-block-heading\">O que podes esperar da MetaCompliance no F\u00f3rum InCyber<\/h2>&#13;\n&#13;\n<p>Iremos apresentar a forma como ajudamos as empresas a reduzir os riscos e a melhorar a sensibiliza\u00e7\u00e3o para a seguran\u00e7a:<\/p>&#13;\n&#13;\n<p>Percep\u00e7\u00f5es de peritos sobre a gest\u00e3o do <a href=\"https:\/\/www.metacompliance.com\/blog\/cyber-security-awareness\/human-risk-in-your-organisation\">risco humano<\/a> e o refor\u00e7o da ciber-resili\u00eancia.<\/p>&#13;\n&#13;\n<p>Demonstra\u00e7\u00f5es ao vivo das nossas mais recentes solu\u00e7\u00f5es de sensibiliza\u00e7\u00e3o e conformidade.<\/p>&#13;\n&#13;\n<p>Debates interessantes sobre a forma como as empresas podem manter-se \u00e0 frente da evolu\u00e7\u00e3o das ciberamea\u00e7as.<\/p>&#13;\n&#13;\n<h2 class=\"wp-block-heading\">Junta-te a n\u00f3s no stand E21 em Lille!<\/h2>&#13;\n&#13;\n<p>Estamos ansiosos por conhecer profissionais de ciberseguran\u00e7a, parceiros e empresas que queiram tornar a sensibiliza\u00e7\u00e3o para a seguran\u00e7a mais eficaz. Quer j\u00e1 estejas a trabalhar connosco ou apenas curioso sobre a forma como o MetaCompliance pode ajudar, vamos entrar em contacto! Visita-nos no stand E21 do F\u00f3rum InCyber!  <\/p>&#13;\n&#13;\n<p>Fica atento a mais novidades - vemo-nos em Lille! Regista-te <a href=\"https:\/\/europe.forum-incyber.com\/en\/registrations\/\" target=\"_blank\" rel=\"noreferrer noopener\">aqui<\/a>! Para pr\u00e9-reservar uma demonstra\u00e7\u00e3o ou marcar uma reuni\u00e3o com um dos nossos consultores, <a href=\"https:\/\/www.metacompliance.com\/company\/contact-metacompliance\">contacta-nos<\/a>. Mant\u00e9m-te a par dos nossos planos e actualiza\u00e7\u00f5es para o evento, seguindo-nos no <a href=\"https:\/\/www.linkedin.com\/company\/metacompliance\/\">LinkedIn<\/a> e no <a href=\"https:\/\/www.instagram.com\/metacomplianceltd\/\">Instagram<\/a>.<\/p>&#13;\n<div class=\"wp-block-image\">&#13;\n<figure class=\"aligncenter size-large is-resized\"><a href=\"https:\/\/europe.forum-incyber.com\/inscriptions\/\"><img decoding=\"async\" class=\"wp-image-22440\" style=\"width: 840px; height: auto;\" src=\"https:\/\/www.metacompliance.com\/wp-content\/uploads\/2025\/06\/MC_email_exclaimer_signature_600x150px-1-4.png\" alt=\"Assinatura de exclama&#xE7;&#xE3;o de e-mail MC 600x150px 1\"\/><\/a><\/figure>&#13;\n<\/div>&#13;\n<p>\u00a0<\/p>&#13;\n","protected":false},"excerpt":{"rendered":"<p>&#13; Temos o prazer de anunciar que a MetaCompliance estar\u00e1 presente no InCyber Forum em Lille pela primeira vez! Como um dos maiores eventos de seguran\u00e7a cibern\u00e9tica da Europa, \u00e9 &hellip; <a href=\"https:\/\/www.metacompliance.com\/pt\/noticias\/metacompliance-no-incyber-forum-lille-2025-reforcar-a-ciber-resiliencia\">Continua<\/a><\/p>\n","protected":false},"author":1,"featured_media":95930,"comment_status":"closed","ping_status":"closed","sticky":false,"template":"","format":"standard","meta":{"_acf_changed":false,"content-type":"","_relevanssi_hide_post":"","_relevanssi_hide_content":"","_relevanssi_pin_for_all":"","_relevanssi_pin_keywords":"","_relevanssi_unpin_keywords":"","_relevanssi_related_keywords":"","_relevanssi_related_include_ids":"","_relevanssi_related_exclude_ids":"","_relevanssi_related_no_append":"","_relevanssi_related_not_related":"","_relevanssi_related_posts":"","_relevanssi_noindex_reason":"","inline_featured_image":false,"footnotes":""},"categories":[172],"class_list":["post-95927","post","type-post","status-publish","format-standard","has-post-thumbnail","hentry","category-noticias"],"acf":[],"yoast_head":"<!-- This site is optimized with the Yoast SEO plugin v27.4 - https:\/\/yoast.com\/product\/yoast-seo-wordpress\/ -->\n<title>MetaCompliance no InCyber Forum Lille 2025: Refor\u00e7ar a ciber-resili\u00eancia - MetaCompliance<\/title>\n<meta name=\"robots\" content=\"index, follow, max-snippet:-1, max-image-preview:large, max-video-preview:-1\" \/>\n<link rel=\"canonical\" href=\"https:\/\/www.metacompliance.com\/pt\/noticias\/metacompliance-no-incyber-forum-lille-2025-reforcar-a-ciber-resiliencia\" \/>\n<meta property=\"og:locale\" content=\"pt_PT\" \/>\n<meta property=\"og:type\" content=\"article\" \/>\n<meta property=\"og:title\" content=\"MetaCompliance no InCyber Forum Lille 2025: Refor\u00e7ar a ciber-resili\u00eancia - MetaCompliance\" \/>\n<meta property=\"og:description\" content=\"&#013; Temos o prazer de anunciar que a MetaCompliance estar\u00e1 presente no InCyber Forum em Lille pela primeira vez! Como um dos maiores eventos de seguran\u00e7a cibern\u00e9tica da Europa, \u00e9 &hellip; Continua\" \/>\n<meta property=\"og:url\" content=\"https:\/\/www.metacompliance.com\/pt\/noticias\/metacompliance-no-incyber-forum-lille-2025-reforcar-a-ciber-resiliencia\" \/>\n<meta property=\"og:site_name\" content=\"MetaCompliance\" \/>\n<meta property=\"article:published_time\" content=\"2025-02-27T12:46:00+00:00\" \/>\n<meta property=\"article:modified_time\" content=\"2025-09-22T01:10:20+00:00\" \/>\n<meta property=\"og:image\" content=\"https:\/\/www.metacompliance.com\/wp-content\/uploads\/2025\/06\/MC_social_1080x1080px-1.png\" \/>\n\t<meta property=\"og:image:width\" content=\"1130\" \/>\n\t<meta property=\"og:image:height\" content=\"1081\" \/>\n\t<meta property=\"og:image:type\" content=\"image\/png\" \/>\n<meta name=\"author\" content=\"Rouge\" \/>\n<meta name=\"twitter:card\" content=\"summary_large_image\" \/>\n<meta name=\"twitter:label1\" content=\"Written by\" \/>\n\t<meta name=\"twitter:data1\" content=\"Rouge\" \/>\n\t<meta name=\"twitter:label2\" content=\"Est. reading time\" \/>\n\t<meta name=\"twitter:data2\" content=\"2 minuto\" \/>\n<script type=\"application\/ld+json\" class=\"yoast-schema-graph\">{\"@context\":\"https:\\\/\\\/schema.org\",\"@graph\":[{\"@type\":\"Article\",\"@id\":\"https:\\\/\\\/www.metacompliance.com\\\/pt\\\/noticias\\\/metacompliance-no-incyber-forum-lille-2025-reforcar-a-ciber-resiliencia#article\",\"isPartOf\":{\"@id\":\"https:\\\/\\\/www.metacompliance.com\\\/pt\\\/noticias\\\/metacompliance-no-incyber-forum-lille-2025-reforcar-a-ciber-resiliencia\"},\"author\":{\"name\":\"Rouge\",\"@id\":\"https:\\\/\\\/www.metacompliance.com\\\/pt#\\\/schema\\\/person\\\/fe1b1dd873af281510fb0ad5f3fb5b38\"},\"headline\":\"MetaCompliance no InCyber Forum Lille 2025: Refor\u00e7ar a ciber-resili\u00eancia\",\"datePublished\":\"2025-02-27T12:46:00+00:00\",\"dateModified\":\"2025-09-22T01:10:20+00:00\",\"mainEntityOfPage\":{\"@id\":\"https:\\\/\\\/www.metacompliance.com\\\/pt\\\/noticias\\\/metacompliance-no-incyber-forum-lille-2025-reforcar-a-ciber-resiliencia\"},\"wordCount\":449,\"image\":{\"@id\":\"https:\\\/\\\/www.metacompliance.com\\\/pt\\\/noticias\\\/metacompliance-no-incyber-forum-lille-2025-reforcar-a-ciber-resiliencia#primaryimage\"},\"thumbnailUrl\":\"https:\\\/\\\/www.metacompliance.com\\\/wp-content\\\/uploads\\\/2025\\\/06\\\/MC_social_1080x1080px-1.png\",\"articleSection\":[\"Not\u00edcias\"],\"inLanguage\":\"pt-PT\"},{\"@type\":\"WebPage\",\"@id\":\"https:\\\/\\\/www.metacompliance.com\\\/pt\\\/noticias\\\/metacompliance-no-incyber-forum-lille-2025-reforcar-a-ciber-resiliencia\",\"url\":\"https:\\\/\\\/www.metacompliance.com\\\/pt\\\/noticias\\\/metacompliance-no-incyber-forum-lille-2025-reforcar-a-ciber-resiliencia\",\"name\":\"MetaCompliance no InCyber Forum Lille 2025: Refor\u00e7ar a ciber-resili\u00eancia - MetaCompliance\",\"isPartOf\":{\"@id\":\"https:\\\/\\\/www.metacompliance.com\\\/pt#website\"},\"primaryImageOfPage\":{\"@id\":\"https:\\\/\\\/www.metacompliance.com\\\/pt\\\/noticias\\\/metacompliance-no-incyber-forum-lille-2025-reforcar-a-ciber-resiliencia#primaryimage\"},\"image\":{\"@id\":\"https:\\\/\\\/www.metacompliance.com\\\/pt\\\/noticias\\\/metacompliance-no-incyber-forum-lille-2025-reforcar-a-ciber-resiliencia#primaryimage\"},\"thumbnailUrl\":\"https:\\\/\\\/www.metacompliance.com\\\/wp-content\\\/uploads\\\/2025\\\/06\\\/MC_social_1080x1080px-1.png\",\"datePublished\":\"2025-02-27T12:46:00+00:00\",\"dateModified\":\"2025-09-22T01:10:20+00:00\",\"author\":{\"@id\":\"https:\\\/\\\/www.metacompliance.com\\\/pt#\\\/schema\\\/person\\\/fe1b1dd873af281510fb0ad5f3fb5b38\"},\"breadcrumb\":{\"@id\":\"https:\\\/\\\/www.metacompliance.com\\\/pt\\\/noticias\\\/metacompliance-no-incyber-forum-lille-2025-reforcar-a-ciber-resiliencia#breadcrumb\"},\"inLanguage\":\"pt-PT\",\"potentialAction\":[{\"@type\":\"ReadAction\",\"target\":[\"https:\\\/\\\/www.metacompliance.com\\\/pt\\\/noticias\\\/metacompliance-no-incyber-forum-lille-2025-reforcar-a-ciber-resiliencia\"]}]},{\"@type\":\"ImageObject\",\"inLanguage\":\"pt-PT\",\"@id\":\"https:\\\/\\\/www.metacompliance.com\\\/pt\\\/noticias\\\/metacompliance-no-incyber-forum-lille-2025-reforcar-a-ciber-resiliencia#primaryimage\",\"url\":\"https:\\\/\\\/www.metacompliance.com\\\/wp-content\\\/uploads\\\/2025\\\/06\\\/MC_social_1080x1080px-1.png\",\"contentUrl\":\"https:\\\/\\\/www.metacompliance.com\\\/wp-content\\\/uploads\\\/2025\\\/06\\\/MC_social_1080x1080px-1.png\",\"width\":1130,\"height\":1081,\"caption\":\"MetaCompliance no InCyber Forum Lille 2025: Refor\u00e7ar a ciber-resili\u00eancia\"},{\"@type\":\"BreadcrumbList\",\"@id\":\"https:\\\/\\\/www.metacompliance.com\\\/pt\\\/noticias\\\/metacompliance-no-incyber-forum-lille-2025-reforcar-a-ciber-resiliencia#breadcrumb\",\"itemListElement\":[{\"@type\":\"ListItem\",\"position\":1,\"name\":\"Casa\",\"item\":\"https:\\\/\\\/www.metacompliance.com\\\/pt\"},{\"@type\":\"ListItem\",\"position\":2,\"name\":\"MetaCompliance no InCyber Forum Lille 2025: Refor\u00e7ar a ciber-resili\u00eancia\"}]},{\"@type\":\"WebSite\",\"@id\":\"https:\\\/\\\/www.metacompliance.com\\\/pt#website\",\"url\":\"https:\\\/\\\/www.metacompliance.com\\\/pt\",\"name\":\"MetaCompliance\",\"description\":\"\",\"potentialAction\":[{\"@type\":\"SearchAction\",\"target\":{\"@type\":\"EntryPoint\",\"urlTemplate\":\"https:\\\/\\\/www.metacompliance.com\\\/pt?s={search_term_string}\"},\"query-input\":{\"@type\":\"PropertyValueSpecification\",\"valueRequired\":true,\"valueName\":\"search_term_string\"}}],\"inLanguage\":\"pt-PT\"},{\"@type\":\"Person\",\"@id\":\"https:\\\/\\\/www.metacompliance.com\\\/pt#\\\/schema\\\/person\\\/fe1b1dd873af281510fb0ad5f3fb5b38\",\"name\":\"Rouge\",\"image\":{\"@type\":\"ImageObject\",\"inLanguage\":\"pt-PT\",\"@id\":\"https:\\\/\\\/secure.gravatar.com\\\/avatar\\\/979d60cad2f4c478c3d73fbd41f1d4f30ab6a193ea6f9e91917d90c552707d6a?s=96&d=mm&r=g\",\"url\":\"https:\\\/\\\/secure.gravatar.com\\\/avatar\\\/979d60cad2f4c478c3d73fbd41f1d4f30ab6a193ea6f9e91917d90c552707d6a?s=96&d=mm&r=g\",\"contentUrl\":\"https:\\\/\\\/secure.gravatar.com\\\/avatar\\\/979d60cad2f4c478c3d73fbd41f1d4f30ab6a193ea6f9e91917d90c552707d6a?s=96&d=mm&r=g\",\"caption\":\"Rouge\"},\"sameAs\":[\"https:\\\/\\\/www.metacompliance.com\"]}]}<\/script>\n<!-- \/ Yoast SEO plugin. -->","yoast_head_json":{"title":"MetaCompliance no InCyber Forum Lille 2025: Refor\u00e7ar a ciber-resili\u00eancia - MetaCompliance","robots":{"index":"index","follow":"follow","max-snippet":"max-snippet:-1","max-image-preview":"max-image-preview:large","max-video-preview":"max-video-preview:-1"},"canonical":"https:\/\/www.metacompliance.com\/pt\/noticias\/metacompliance-no-incyber-forum-lille-2025-reforcar-a-ciber-resiliencia","og_locale":"pt_PT","og_type":"article","og_title":"MetaCompliance no InCyber Forum Lille 2025: Refor\u00e7ar a ciber-resili\u00eancia - MetaCompliance","og_description":"&#13; Temos o prazer de anunciar que a MetaCompliance estar\u00e1 presente no InCyber Forum em Lille pela primeira vez! Como um dos maiores eventos de seguran\u00e7a cibern\u00e9tica da Europa, \u00e9 &hellip; Continua","og_url":"https:\/\/www.metacompliance.com\/pt\/noticias\/metacompliance-no-incyber-forum-lille-2025-reforcar-a-ciber-resiliencia","og_site_name":"MetaCompliance","article_published_time":"2025-02-27T12:46:00+00:00","article_modified_time":"2025-09-22T01:10:20+00:00","og_image":[{"width":1130,"height":1081,"url":"https:\/\/www.metacompliance.com\/wp-content\/uploads\/2025\/06\/MC_social_1080x1080px-1.png","type":"image\/png"}],"author":"Rouge","twitter_card":"summary_large_image","twitter_misc":{"Written by":"Rouge","Est. reading time":"2 minuto"},"schema":{"@context":"https:\/\/schema.org","@graph":[{"@type":"Article","@id":"https:\/\/www.metacompliance.com\/pt\/noticias\/metacompliance-no-incyber-forum-lille-2025-reforcar-a-ciber-resiliencia#article","isPartOf":{"@id":"https:\/\/www.metacompliance.com\/pt\/noticias\/metacompliance-no-incyber-forum-lille-2025-reforcar-a-ciber-resiliencia"},"author":{"name":"Rouge","@id":"https:\/\/www.metacompliance.com\/pt#\/schema\/person\/fe1b1dd873af281510fb0ad5f3fb5b38"},"headline":"MetaCompliance no InCyber Forum Lille 2025: Refor\u00e7ar a ciber-resili\u00eancia","datePublished":"2025-02-27T12:46:00+00:00","dateModified":"2025-09-22T01:10:20+00:00","mainEntityOfPage":{"@id":"https:\/\/www.metacompliance.com\/pt\/noticias\/metacompliance-no-incyber-forum-lille-2025-reforcar-a-ciber-resiliencia"},"wordCount":449,"image":{"@id":"https:\/\/www.metacompliance.com\/pt\/noticias\/metacompliance-no-incyber-forum-lille-2025-reforcar-a-ciber-resiliencia#primaryimage"},"thumbnailUrl":"https:\/\/www.metacompliance.com\/wp-content\/uploads\/2025\/06\/MC_social_1080x1080px-1.png","articleSection":["Not\u00edcias"],"inLanguage":"pt-PT"},{"@type":"WebPage","@id":"https:\/\/www.metacompliance.com\/pt\/noticias\/metacompliance-no-incyber-forum-lille-2025-reforcar-a-ciber-resiliencia","url":"https:\/\/www.metacompliance.com\/pt\/noticias\/metacompliance-no-incyber-forum-lille-2025-reforcar-a-ciber-resiliencia","name":"MetaCompliance no InCyber Forum Lille 2025: Refor\u00e7ar a ciber-resili\u00eancia - MetaCompliance","isPartOf":{"@id":"https:\/\/www.metacompliance.com\/pt#website"},"primaryImageOfPage":{"@id":"https:\/\/www.metacompliance.com\/pt\/noticias\/metacompliance-no-incyber-forum-lille-2025-reforcar-a-ciber-resiliencia#primaryimage"},"image":{"@id":"https:\/\/www.metacompliance.com\/pt\/noticias\/metacompliance-no-incyber-forum-lille-2025-reforcar-a-ciber-resiliencia#primaryimage"},"thumbnailUrl":"https:\/\/www.metacompliance.com\/wp-content\/uploads\/2025\/06\/MC_social_1080x1080px-1.png","datePublished":"2025-02-27T12:46:00+00:00","dateModified":"2025-09-22T01:10:20+00:00","author":{"@id":"https:\/\/www.metacompliance.com\/pt#\/schema\/person\/fe1b1dd873af281510fb0ad5f3fb5b38"},"breadcrumb":{"@id":"https:\/\/www.metacompliance.com\/pt\/noticias\/metacompliance-no-incyber-forum-lille-2025-reforcar-a-ciber-resiliencia#breadcrumb"},"inLanguage":"pt-PT","potentialAction":[{"@type":"ReadAction","target":["https:\/\/www.metacompliance.com\/pt\/noticias\/metacompliance-no-incyber-forum-lille-2025-reforcar-a-ciber-resiliencia"]}]},{"@type":"ImageObject","inLanguage":"pt-PT","@id":"https:\/\/www.metacompliance.com\/pt\/noticias\/metacompliance-no-incyber-forum-lille-2025-reforcar-a-ciber-resiliencia#primaryimage","url":"https:\/\/www.metacompliance.com\/wp-content\/uploads\/2025\/06\/MC_social_1080x1080px-1.png","contentUrl":"https:\/\/www.metacompliance.com\/wp-content\/uploads\/2025\/06\/MC_social_1080x1080px-1.png","width":1130,"height":1081,"caption":"MetaCompliance no InCyber Forum Lille 2025: Refor\u00e7ar a ciber-resili\u00eancia"},{"@type":"BreadcrumbList","@id":"https:\/\/www.metacompliance.com\/pt\/noticias\/metacompliance-no-incyber-forum-lille-2025-reforcar-a-ciber-resiliencia#breadcrumb","itemListElement":[{"@type":"ListItem","position":1,"name":"Casa","item":"https:\/\/www.metacompliance.com\/pt"},{"@type":"ListItem","position":2,"name":"MetaCompliance no InCyber Forum Lille 2025: Refor\u00e7ar a ciber-resili\u00eancia"}]},{"@type":"WebSite","@id":"https:\/\/www.metacompliance.com\/pt#website","url":"https:\/\/www.metacompliance.com\/pt","name":"MetaCompliance","description":"","potentialAction":[{"@type":"SearchAction","target":{"@type":"EntryPoint","urlTemplate":"https:\/\/www.metacompliance.com\/pt?s={search_term_string}"},"query-input":{"@type":"PropertyValueSpecification","valueRequired":true,"valueName":"search_term_string"}}],"inLanguage":"pt-PT"},{"@type":"Person","@id":"https:\/\/www.metacompliance.com\/pt#\/schema\/person\/fe1b1dd873af281510fb0ad5f3fb5b38","name":"Rouge","image":{"@type":"ImageObject","inLanguage":"pt-PT","@id":"https:\/\/secure.gravatar.com\/avatar\/979d60cad2f4c478c3d73fbd41f1d4f30ab6a193ea6f9e91917d90c552707d6a?s=96&d=mm&r=g","url":"https:\/\/secure.gravatar.com\/avatar\/979d60cad2f4c478c3d73fbd41f1d4f30ab6a193ea6f9e91917d90c552707d6a?s=96&d=mm&r=g","contentUrl":"https:\/\/secure.gravatar.com\/avatar\/979d60cad2f4c478c3d73fbd41f1d4f30ab6a193ea6f9e91917d90c552707d6a?s=96&d=mm&r=g","caption":"Rouge"},"sameAs":["https:\/\/www.metacompliance.com"]}]}},"_links":{"self":[{"href":"https:\/\/www.metacompliance.com\/pt\/wp-json\/wp\/v2\/posts\/95927","targetHints":{"allow":["GET"]}}],"collection":[{"href":"https:\/\/www.metacompliance.com\/pt\/wp-json\/wp\/v2\/posts"}],"about":[{"href":"https:\/\/www.metacompliance.com\/pt\/wp-json\/wp\/v2\/types\/post"}],"author":[{"embeddable":true,"href":"https:\/\/www.metacompliance.com\/pt\/wp-json\/wp\/v2\/users\/1"}],"replies":[{"embeddable":true,"href":"https:\/\/www.metacompliance.com\/pt\/wp-json\/wp\/v2\/comments?post=95927"}],"version-history":[{"count":0,"href":"https:\/\/www.metacompliance.com\/pt\/wp-json\/wp\/v2\/posts\/95927\/revisions"}],"wp:featuredmedia":[{"embeddable":true,"href":"https:\/\/www.metacompliance.com\/pt\/wp-json\/wp\/v2\/media\/95930"}],"wp:attachment":[{"href":"https:\/\/www.metacompliance.com\/pt\/wp-json\/wp\/v2\/media?parent=95927"}],"wp:term":[{"taxonomy":"category","embeddable":true,"href":"https:\/\/www.metacompliance.com\/pt\/wp-json\/wp\/v2\/categories?post=95927"}],"curies":[{"name":"wp","href":"https:\/\/api.w.org\/{rel}","templated":true}]}}