{"id":96397,"date":"2025-03-06T18:35:00","date_gmt":"2025-03-06T17:35:00","guid":{"rendered":"https:\/\/metacomp.wpenginepowered.com\/info-hub\/uncategorized-pt\/metacompliance-appoints-andy-fielder-as-chief-technology-officer\/"},"modified":"2025-09-22T02:10:06","modified_gmt":"2025-09-22T01:10:06","slug":"metacompliance-nomeia-andy-fielder-como-diretor-de-tecnologia","status":"publish","type":"post","link":"https:\/\/www.metacompliance.com\/pt\/noticias\/metacompliance-nomeia-andy-fielder-como-diretor-de-tecnologia","title":{"rendered":"MetaCompliance nomeia Andy Fielder como Diretor de Tecnologia"},"content":{"rendered":"&#13;\n<p>A MetaCompliance tem o prazer de dar as boas-vindas a Andy Fielder como o nosso novo Diretor de Tecnologia (CTO). Com uma carreira distinta que abrange mais de tr\u00eas d\u00e9cadas na lideran\u00e7a tecnol\u00f3gica, Andy traz uma vasta experi\u00eancia na condu\u00e7\u00e3o da inova\u00e7\u00e3o, seguran\u00e7a e transforma\u00e7\u00e3o digital.   <\/p>&#13;\n&#13;\n<p>Andy junta-se \u00e0 MetaCompliance ap\u00f3s um per\u00edodo de sucesso como CTO na BigChange, onde liderou uma transforma\u00e7\u00e3o tecnol\u00f3gica significativa. Sob a sua lideran\u00e7a, a empresa melhorou a sua arquitetura, infraestrutura e estruturas de seguran\u00e7a - refor\u00e7ando o desempenho e permitindo um crescimento significativo.   <\/p>&#13;\n&#13;\n<p>Um l\u00edder tecnol\u00f3gico altamente experiente, Andy construiu e escalou v\u00e1rios neg\u00f3cios SaaS apoiados por capital privado, apresentando consistentemente resultados impressionantes. A sua experi\u00eancia na orienta\u00e7\u00e3o de empresas atrav\u00e9s das principais fases de investimento ajudou a impulsionar o crescimento, criando valor para investidores, clientes e equipas.   <\/p>&#13;\n&#13;\n<p>Andy possui um profundo conhecimento em metodologias Agile, opera\u00e7\u00f5es na nuvem e seguran\u00e7a cibern\u00e9tica. Ao longo da sua carreira, liderou com sucesso equipas atrav\u00e9s de fus\u00f5es e aquisi\u00e7\u00f5es, arquitetura nativa da nuvem, DevOps, estrat\u00e9gia t\u00e9cnica e inova\u00e7\u00e3o de produtos, o que faz dele um ativo fundamental para o crescimento cont\u00ednuo da MetaCompliance.   <\/p>&#13;\n&#13;\n<p>A sua nomea\u00e7\u00e3o surge num momento empolgante, uma vez que a MetaCompliance continua a expandir-se ap\u00f3s o investimento da <a href=\"https:\/\/keensight.com\/\">Keensight Capital<\/a>. Com Andy a bordo, estamos prontos para refor\u00e7ar a nossa oferta de solu\u00e7\u00f5es <a href=\"https:\/\/www.metacompliance.com\/security-awareness-training\">de forma\u00e7\u00e3o de sensibiliza\u00e7\u00e3o para a seguran\u00e7a<\/a>, melhorar as nossas capacidades de seguran\u00e7a e impulsionar a inova\u00e7\u00e3o no espa\u00e7o da ciberseguran\u00e7a. <\/p>&#13;\n\r\n<figure class=\"wp-block-gallery has-nested-images columns-default is-cropped wp-block-gallery-1 is-layout-flex wp-block-gallery-is-layout-flex\">&#13;\n<figure class=\"wp-block-image size-large\"><img decoding=\"async\" data-id=\"22935\" class=\"wp-image-22935\" src=\"https:\/\/www.metacompliance.com\/wp-content\/uploads\/2025\/06\/MC_email_exclaimer_signature_600x150px-1-6.png\" alt=\"\"\/><\/figure>&#13;\n<\/figure>\r\n&#13;\n<p>\u00a0<\/p>&#13;\n","protected":false},"excerpt":{"rendered":"<p>&#13; A MetaCompliance tem o prazer de dar as boas-vindas a Andy Fielder como o nosso novo Diretor de Tecnologia (CTO). Com uma carreira distinta que abrange mais de tr\u00eas &hellip; <a href=\"https:\/\/www.metacompliance.com\/pt\/noticias\/metacompliance-nomeia-andy-fielder-como-diretor-de-tecnologia\">Continua<\/a><\/p>\n","protected":false},"author":1,"featured_media":96399,"comment_status":"closed","ping_status":"closed","sticky":false,"template":"","format":"standard","meta":{"_acf_changed":false,"content-type":"","_relevanssi_hide_post":"","_relevanssi_hide_content":"","_relevanssi_pin_for_all":"","_relevanssi_pin_keywords":"","_relevanssi_unpin_keywords":"","_relevanssi_related_keywords":"","_relevanssi_related_include_ids":"","_relevanssi_related_exclude_ids":"","_relevanssi_related_no_append":"","_relevanssi_related_not_related":"","_relevanssi_related_posts":"","_relevanssi_noindex_reason":"","inline_featured_image":false,"footnotes":""},"categories":[172],"class_list":["post-96397","post","type-post","status-publish","format-standard","has-post-thumbnail","hentry","category-noticias"],"acf":[],"yoast_head":"<!-- This site is optimized with the Yoast SEO plugin v27.4 - https:\/\/yoast.com\/product\/yoast-seo-wordpress\/ -->\n<title>MetaCompliance nomeia Andy Fielder como Diretor de Tecnologia - MetaCompliance<\/title>\n<meta name=\"robots\" content=\"index, follow, max-snippet:-1, max-image-preview:large, max-video-preview:-1\" \/>\n<link rel=\"canonical\" href=\"https:\/\/www.metacompliance.com\/pt\/noticias\/metacompliance-nomeia-andy-fielder-como-diretor-de-tecnologia\" \/>\n<meta property=\"og:locale\" content=\"pt_PT\" \/>\n<meta property=\"og:type\" content=\"article\" \/>\n<meta property=\"og:title\" content=\"MetaCompliance nomeia Andy Fielder como Diretor de Tecnologia - MetaCompliance\" \/>\n<meta property=\"og:description\" content=\"&#013; A MetaCompliance tem o prazer de dar as boas-vindas a Andy Fielder como o nosso novo Diretor de Tecnologia (CTO). Com uma carreira distinta que abrange mais de tr\u00eas &hellip; Continua\" \/>\n<meta property=\"og:url\" content=\"https:\/\/www.metacompliance.com\/pt\/noticias\/metacompliance-nomeia-andy-fielder-como-diretor-de-tecnologia\" \/>\n<meta property=\"og:site_name\" content=\"MetaCompliance\" \/>\n<meta property=\"article:published_time\" content=\"2025-03-06T17:35:00+00:00\" \/>\n<meta property=\"article:modified_time\" content=\"2025-09-22T01:10:06+00:00\" \/>\n<meta property=\"og:image\" content=\"https:\/\/www.metacompliance.com\/wp-content\/uploads\/2025\/06\/CMG-3.png\" \/>\n\t<meta property=\"og:image:width\" content=\"1200\" \/>\n\t<meta property=\"og:image:height\" content=\"627\" \/>\n\t<meta property=\"og:image:type\" content=\"image\/png\" \/>\n<meta name=\"author\" content=\"Rouge\" \/>\n<meta name=\"twitter:card\" content=\"summary_large_image\" \/>\n<meta name=\"twitter:label1\" content=\"Written by\" \/>\n\t<meta name=\"twitter:data1\" content=\"Rouge\" \/>\n\t<meta name=\"twitter:label2\" content=\"Est. reading time\" \/>\n\t<meta name=\"twitter:data2\" content=\"1 minuto\" \/>\n<script type=\"application\/ld+json\" class=\"yoast-schema-graph\">{\"@context\":\"https:\\\/\\\/schema.org\",\"@graph\":[{\"@type\":\"Article\",\"@id\":\"https:\\\/\\\/www.metacompliance.com\\\/pt\\\/noticias\\\/metacompliance-nomeia-andy-fielder-como-diretor-de-tecnologia#article\",\"isPartOf\":{\"@id\":\"https:\\\/\\\/www.metacompliance.com\\\/pt\\\/noticias\\\/metacompliance-nomeia-andy-fielder-como-diretor-de-tecnologia\"},\"author\":{\"name\":\"Rouge\",\"@id\":\"https:\\\/\\\/www.metacompliance.com\\\/pt#\\\/schema\\\/person\\\/fe1b1dd873af281510fb0ad5f3fb5b38\"},\"headline\":\"MetaCompliance nomeia Andy Fielder como Diretor de Tecnologia\",\"datePublished\":\"2025-03-06T17:35:00+00:00\",\"dateModified\":\"2025-09-22T01:10:06+00:00\",\"mainEntityOfPage\":{\"@id\":\"https:\\\/\\\/www.metacompliance.com\\\/pt\\\/noticias\\\/metacompliance-nomeia-andy-fielder-como-diretor-de-tecnologia\"},\"wordCount\":292,\"image\":{\"@id\":\"https:\\\/\\\/www.metacompliance.com\\\/pt\\\/noticias\\\/metacompliance-nomeia-andy-fielder-como-diretor-de-tecnologia#primaryimage\"},\"thumbnailUrl\":\"https:\\\/\\\/www.metacompliance.com\\\/wp-content\\\/uploads\\\/2025\\\/06\\\/CMG-3.png\",\"articleSection\":[\"Not\u00edcias\"],\"inLanguage\":\"pt-PT\"},{\"@type\":\"WebPage\",\"@id\":\"https:\\\/\\\/www.metacompliance.com\\\/pt\\\/noticias\\\/metacompliance-nomeia-andy-fielder-como-diretor-de-tecnologia\",\"url\":\"https:\\\/\\\/www.metacompliance.com\\\/pt\\\/noticias\\\/metacompliance-nomeia-andy-fielder-como-diretor-de-tecnologia\",\"name\":\"MetaCompliance nomeia Andy Fielder como Diretor de Tecnologia - MetaCompliance\",\"isPartOf\":{\"@id\":\"https:\\\/\\\/www.metacompliance.com\\\/pt#website\"},\"primaryImageOfPage\":{\"@id\":\"https:\\\/\\\/www.metacompliance.com\\\/pt\\\/noticias\\\/metacompliance-nomeia-andy-fielder-como-diretor-de-tecnologia#primaryimage\"},\"image\":{\"@id\":\"https:\\\/\\\/www.metacompliance.com\\\/pt\\\/noticias\\\/metacompliance-nomeia-andy-fielder-como-diretor-de-tecnologia#primaryimage\"},\"thumbnailUrl\":\"https:\\\/\\\/www.metacompliance.com\\\/wp-content\\\/uploads\\\/2025\\\/06\\\/CMG-3.png\",\"datePublished\":\"2025-03-06T17:35:00+00:00\",\"dateModified\":\"2025-09-22T01:10:06+00:00\",\"author\":{\"@id\":\"https:\\\/\\\/www.metacompliance.com\\\/pt#\\\/schema\\\/person\\\/fe1b1dd873af281510fb0ad5f3fb5b38\"},\"breadcrumb\":{\"@id\":\"https:\\\/\\\/www.metacompliance.com\\\/pt\\\/noticias\\\/metacompliance-nomeia-andy-fielder-como-diretor-de-tecnologia#breadcrumb\"},\"inLanguage\":\"pt-PT\",\"potentialAction\":[{\"@type\":\"ReadAction\",\"target\":[\"https:\\\/\\\/www.metacompliance.com\\\/pt\\\/noticias\\\/metacompliance-nomeia-andy-fielder-como-diretor-de-tecnologia\"]}]},{\"@type\":\"ImageObject\",\"inLanguage\":\"pt-PT\",\"@id\":\"https:\\\/\\\/www.metacompliance.com\\\/pt\\\/noticias\\\/metacompliance-nomeia-andy-fielder-como-diretor-de-tecnologia#primaryimage\",\"url\":\"https:\\\/\\\/www.metacompliance.com\\\/wp-content\\\/uploads\\\/2025\\\/06\\\/CMG-3.png\",\"contentUrl\":\"https:\\\/\\\/www.metacompliance.com\\\/wp-content\\\/uploads\\\/2025\\\/06\\\/CMG-3.png\",\"width\":1200,\"height\":627,\"caption\":\"MetaCompliance nomeia Andy Fielder como Diretor de Tecnologia\"},{\"@type\":\"BreadcrumbList\",\"@id\":\"https:\\\/\\\/www.metacompliance.com\\\/pt\\\/noticias\\\/metacompliance-nomeia-andy-fielder-como-diretor-de-tecnologia#breadcrumb\",\"itemListElement\":[{\"@type\":\"ListItem\",\"position\":1,\"name\":\"Casa\",\"item\":\"https:\\\/\\\/www.metacompliance.com\\\/pt\"},{\"@type\":\"ListItem\",\"position\":2,\"name\":\"MetaCompliance nomeia Andy Fielder como Diretor de Tecnologia\"}]},{\"@type\":\"WebSite\",\"@id\":\"https:\\\/\\\/www.metacompliance.com\\\/pt#website\",\"url\":\"https:\\\/\\\/www.metacompliance.com\\\/pt\",\"name\":\"MetaCompliance\",\"description\":\"\",\"potentialAction\":[{\"@type\":\"SearchAction\",\"target\":{\"@type\":\"EntryPoint\",\"urlTemplate\":\"https:\\\/\\\/www.metacompliance.com\\\/pt?s={search_term_string}\"},\"query-input\":{\"@type\":\"PropertyValueSpecification\",\"valueRequired\":true,\"valueName\":\"search_term_string\"}}],\"inLanguage\":\"pt-PT\"},{\"@type\":\"Person\",\"@id\":\"https:\\\/\\\/www.metacompliance.com\\\/pt#\\\/schema\\\/person\\\/fe1b1dd873af281510fb0ad5f3fb5b38\",\"name\":\"Rouge\",\"image\":{\"@type\":\"ImageObject\",\"inLanguage\":\"pt-PT\",\"@id\":\"https:\\\/\\\/secure.gravatar.com\\\/avatar\\\/979d60cad2f4c478c3d73fbd41f1d4f30ab6a193ea6f9e91917d90c552707d6a?s=96&d=mm&r=g\",\"url\":\"https:\\\/\\\/secure.gravatar.com\\\/avatar\\\/979d60cad2f4c478c3d73fbd41f1d4f30ab6a193ea6f9e91917d90c552707d6a?s=96&d=mm&r=g\",\"contentUrl\":\"https:\\\/\\\/secure.gravatar.com\\\/avatar\\\/979d60cad2f4c478c3d73fbd41f1d4f30ab6a193ea6f9e91917d90c552707d6a?s=96&d=mm&r=g\",\"caption\":\"Rouge\"},\"sameAs\":[\"https:\\\/\\\/www.metacompliance.com\"]}]}<\/script>\n<!-- \/ Yoast SEO plugin. -->","yoast_head_json":{"title":"MetaCompliance nomeia Andy Fielder como Diretor de Tecnologia - MetaCompliance","robots":{"index":"index","follow":"follow","max-snippet":"max-snippet:-1","max-image-preview":"max-image-preview:large","max-video-preview":"max-video-preview:-1"},"canonical":"https:\/\/www.metacompliance.com\/pt\/noticias\/metacompliance-nomeia-andy-fielder-como-diretor-de-tecnologia","og_locale":"pt_PT","og_type":"article","og_title":"MetaCompliance nomeia Andy Fielder como Diretor de Tecnologia - MetaCompliance","og_description":"&#13; A MetaCompliance tem o prazer de dar as boas-vindas a Andy Fielder como o nosso novo Diretor de Tecnologia (CTO). Com uma carreira distinta que abrange mais de tr\u00eas &hellip; Continua","og_url":"https:\/\/www.metacompliance.com\/pt\/noticias\/metacompliance-nomeia-andy-fielder-como-diretor-de-tecnologia","og_site_name":"MetaCompliance","article_published_time":"2025-03-06T17:35:00+00:00","article_modified_time":"2025-09-22T01:10:06+00:00","og_image":[{"width":1200,"height":627,"url":"https:\/\/www.metacompliance.com\/wp-content\/uploads\/2025\/06\/CMG-3.png","type":"image\/png"}],"author":"Rouge","twitter_card":"summary_large_image","twitter_misc":{"Written by":"Rouge","Est. reading time":"1 minuto"},"schema":{"@context":"https:\/\/schema.org","@graph":[{"@type":"Article","@id":"https:\/\/www.metacompliance.com\/pt\/noticias\/metacompliance-nomeia-andy-fielder-como-diretor-de-tecnologia#article","isPartOf":{"@id":"https:\/\/www.metacompliance.com\/pt\/noticias\/metacompliance-nomeia-andy-fielder-como-diretor-de-tecnologia"},"author":{"name":"Rouge","@id":"https:\/\/www.metacompliance.com\/pt#\/schema\/person\/fe1b1dd873af281510fb0ad5f3fb5b38"},"headline":"MetaCompliance nomeia Andy Fielder como Diretor de Tecnologia","datePublished":"2025-03-06T17:35:00+00:00","dateModified":"2025-09-22T01:10:06+00:00","mainEntityOfPage":{"@id":"https:\/\/www.metacompliance.com\/pt\/noticias\/metacompliance-nomeia-andy-fielder-como-diretor-de-tecnologia"},"wordCount":292,"image":{"@id":"https:\/\/www.metacompliance.com\/pt\/noticias\/metacompliance-nomeia-andy-fielder-como-diretor-de-tecnologia#primaryimage"},"thumbnailUrl":"https:\/\/www.metacompliance.com\/wp-content\/uploads\/2025\/06\/CMG-3.png","articleSection":["Not\u00edcias"],"inLanguage":"pt-PT"},{"@type":"WebPage","@id":"https:\/\/www.metacompliance.com\/pt\/noticias\/metacompliance-nomeia-andy-fielder-como-diretor-de-tecnologia","url":"https:\/\/www.metacompliance.com\/pt\/noticias\/metacompliance-nomeia-andy-fielder-como-diretor-de-tecnologia","name":"MetaCompliance nomeia Andy Fielder como Diretor de Tecnologia - MetaCompliance","isPartOf":{"@id":"https:\/\/www.metacompliance.com\/pt#website"},"primaryImageOfPage":{"@id":"https:\/\/www.metacompliance.com\/pt\/noticias\/metacompliance-nomeia-andy-fielder-como-diretor-de-tecnologia#primaryimage"},"image":{"@id":"https:\/\/www.metacompliance.com\/pt\/noticias\/metacompliance-nomeia-andy-fielder-como-diretor-de-tecnologia#primaryimage"},"thumbnailUrl":"https:\/\/www.metacompliance.com\/wp-content\/uploads\/2025\/06\/CMG-3.png","datePublished":"2025-03-06T17:35:00+00:00","dateModified":"2025-09-22T01:10:06+00:00","author":{"@id":"https:\/\/www.metacompliance.com\/pt#\/schema\/person\/fe1b1dd873af281510fb0ad5f3fb5b38"},"breadcrumb":{"@id":"https:\/\/www.metacompliance.com\/pt\/noticias\/metacompliance-nomeia-andy-fielder-como-diretor-de-tecnologia#breadcrumb"},"inLanguage":"pt-PT","potentialAction":[{"@type":"ReadAction","target":["https:\/\/www.metacompliance.com\/pt\/noticias\/metacompliance-nomeia-andy-fielder-como-diretor-de-tecnologia"]}]},{"@type":"ImageObject","inLanguage":"pt-PT","@id":"https:\/\/www.metacompliance.com\/pt\/noticias\/metacompliance-nomeia-andy-fielder-como-diretor-de-tecnologia#primaryimage","url":"https:\/\/www.metacompliance.com\/wp-content\/uploads\/2025\/06\/CMG-3.png","contentUrl":"https:\/\/www.metacompliance.com\/wp-content\/uploads\/2025\/06\/CMG-3.png","width":1200,"height":627,"caption":"MetaCompliance nomeia Andy Fielder como Diretor de Tecnologia"},{"@type":"BreadcrumbList","@id":"https:\/\/www.metacompliance.com\/pt\/noticias\/metacompliance-nomeia-andy-fielder-como-diretor-de-tecnologia#breadcrumb","itemListElement":[{"@type":"ListItem","position":1,"name":"Casa","item":"https:\/\/www.metacompliance.com\/pt"},{"@type":"ListItem","position":2,"name":"MetaCompliance nomeia Andy Fielder como Diretor de Tecnologia"}]},{"@type":"WebSite","@id":"https:\/\/www.metacompliance.com\/pt#website","url":"https:\/\/www.metacompliance.com\/pt","name":"MetaCompliance","description":"","potentialAction":[{"@type":"SearchAction","target":{"@type":"EntryPoint","urlTemplate":"https:\/\/www.metacompliance.com\/pt?s={search_term_string}"},"query-input":{"@type":"PropertyValueSpecification","valueRequired":true,"valueName":"search_term_string"}}],"inLanguage":"pt-PT"},{"@type":"Person","@id":"https:\/\/www.metacompliance.com\/pt#\/schema\/person\/fe1b1dd873af281510fb0ad5f3fb5b38","name":"Rouge","image":{"@type":"ImageObject","inLanguage":"pt-PT","@id":"https:\/\/secure.gravatar.com\/avatar\/979d60cad2f4c478c3d73fbd41f1d4f30ab6a193ea6f9e91917d90c552707d6a?s=96&d=mm&r=g","url":"https:\/\/secure.gravatar.com\/avatar\/979d60cad2f4c478c3d73fbd41f1d4f30ab6a193ea6f9e91917d90c552707d6a?s=96&d=mm&r=g","contentUrl":"https:\/\/secure.gravatar.com\/avatar\/979d60cad2f4c478c3d73fbd41f1d4f30ab6a193ea6f9e91917d90c552707d6a?s=96&d=mm&r=g","caption":"Rouge"},"sameAs":["https:\/\/www.metacompliance.com"]}]}},"_links":{"self":[{"href":"https:\/\/www.metacompliance.com\/pt\/wp-json\/wp\/v2\/posts\/96397","targetHints":{"allow":["GET"]}}],"collection":[{"href":"https:\/\/www.metacompliance.com\/pt\/wp-json\/wp\/v2\/posts"}],"about":[{"href":"https:\/\/www.metacompliance.com\/pt\/wp-json\/wp\/v2\/types\/post"}],"author":[{"embeddable":true,"href":"https:\/\/www.metacompliance.com\/pt\/wp-json\/wp\/v2\/users\/1"}],"replies":[{"embeddable":true,"href":"https:\/\/www.metacompliance.com\/pt\/wp-json\/wp\/v2\/comments?post=96397"}],"version-history":[{"count":0,"href":"https:\/\/www.metacompliance.com\/pt\/wp-json\/wp\/v2\/posts\/96397\/revisions"}],"wp:featuredmedia":[{"embeddable":true,"href":"https:\/\/www.metacompliance.com\/pt\/wp-json\/wp\/v2\/media\/96399"}],"wp:attachment":[{"href":"https:\/\/www.metacompliance.com\/pt\/wp-json\/wp\/v2\/media?parent=96397"}],"wp:term":[{"taxonomy":"category","embeddable":true,"href":"https:\/\/www.metacompliance.com\/pt\/wp-json\/wp\/v2\/categories?post=96397"}],"curies":[{"name":"wp","href":"https:\/\/api.w.org\/{rel}","templated":true}]}}